{"id":11375,"date":"2026-09-03T08:34:36","date_gmt":"2026-09-03T06:34:36","guid":{"rendered":"https:\/\/robert-moreno.es\/comunicato-robert-moreno-commissario-tecnico-corea-del-sud\/"},"modified":"2026-09-03T08:38:09","modified_gmt":"2026-09-03T06:38:09","slug":"comunicato-robert-moreno-commissario-tecnico-corea-del-sud","status":"publish","type":"post","link":"https:\/\/robert-moreno.es\/it\/comunicato-robert-moreno-commissario-tecnico-corea-del-sud\/","title":{"rendered":"Robert Moreno, commissario tecnico della Corea del Sud"},"content":{"rendered":"\n<p style=\"color:#ccc;font-size:1.05rem;line-height:1.7;\"><strong style=\"color:#fff;\">La Federcalcio coreana ha annunciato il 1\u00ba settembre la nomina di Robert Moreno a commissario tecnico della Corea del Sud. Guider\u00e0 la nazionale in sei partite, fino al 27 novembre.<\/strong><\/p>\n\n<p>Il consiglio della Federcalcio coreana (KFA) ha approvato il 1\u00ba settembre, al Korea Football Park di Cheonan, la nomina di Robert Moreno a commissario tecnico della Corea del Sud. Il mandato comprende sei partite internazionali &mdash; due a settembre, due a ottobre e due a novembre &mdash; e si estende fino al 27 novembre 2026.<\/p>\n\n<p>Moreno \u00e8 il primo allenatore spagnolo alla guida della nazionale maggiore coreana e il primo designato tramite bando pubblico aperto nella storia della federazione: un processo al quale si \u00e8 candidato insieme ad altri, risolto dopo una fase documentale e un colloquio.<\/p>\n\n<p>Lo affiancano <strong>Eduardo Docampo<\/strong> come primo assistente, <strong>Jacint Magriny\u00e0<\/strong> all&#8217;analisi e alla metodologia, <strong>V\u00edctor Bravo de Soto<\/strong> alla tattica, <strong>Javier Chocarro<\/strong> alla preparazione atletica e <strong>Nico Bosch<\/strong> come allenatore dei portieri. Lo staff si stabilisce a Cheonan e seguir\u00e0 la K League di persona.<\/p>\n\n<p>Il primo impegno \u00e8 la Hana Bank Invitational, con <strong>l&#8217;Ecuador il 24 settembre<\/strong> e <strong>l&#8217;Uruguay il 28<\/strong>, entrambe in casa. A ottobre, <strong>il Venezuela il giorno 2<\/strong> e <strong>l&#8217;Uzbekistan il 6<\/strong>. Le due gare di novembre si disputeranno tra il 9 e il 17.<\/p>\n\n<blockquote style=\"border-left:4px solid #D4AF37;padding:20px 26px;margin:32px 0;background:rgba(212,175,55,.06);\"><p style=\"font-style:italic;color:#e8e8e8;margin:0;\">&laquo;\u00c8 un onore ed \u00e8 una responsabilit\u00e0. Conosco e rispetto il calcio coreano da anni, e ora il mio lavoro \u00e8 mettermi al suo servizio. Non prometter\u00f2 risultati: prometto lavoro, onest\u00e0 e rispetto. Quello che avremo da dire, lo diremo in campo.&raquo;<\/p><\/blockquote>\n\n<p>Robert Moreno parler\u00e0 ai media nella sua presentazione ufficiale in Corea del Sud. Fino ad allora non rilascer\u00e0 interviste.<\/p>\n\n<hr style=\"border:0;border-top:1px solid #2a2a2a;margin:36px 0 20px;\">\n<p style=\"font-size:.85rem;color:#888;\">Contatto stampa: <a href=\"mailto:media@robert-moreno.com\" style=\"color:#D4AF37;\">media@robert-moreno.com<\/a><\/p>\n","protected":false},"excerpt":{"rendered":"<p>La Federcalcio coreana ha annunciato il 1\u00ba settembre la sua nomina. Guider\u00e0 la nazionale in sei partite, fino al 27 novembre.<\/p>\n","protected":false},"author":1,"featured_media":11368,"comment_status":"closed","ping_status":"closed","sticky":false,"template":"","format":"standard","meta":{"page_builder":"","footnotes":""},"categories":[25,82,72,20,75],"tags":[],"class_list":["post-11375","post","type-post","status-publish","format-standard","has-post-thumbnail","hentry","category-comunicados","category-comunicati","category-in-evidenza","category-sala-prensa","category-stampa"],"yoast_head":"<!-- This site is optimized with the Yoast SEO Premium plugin v28.4 (Yoast SEO v28.4) - https:\/\/yoast.com\/product\/yoast-seo-premium-wordpress\/ -->\n<title>Robert Moreno, commissario tecnico della Corea del Sud | Comunicato<\/title>\n<meta name=\"description\" content=\"La KFA ha annunciato il 1\u00ba settembre la nomina di Robert Moreno a ct della Corea del Sud: sei partite fino al 27 novembre 2026.\" \/>\n<meta name=\"robots\" content=\"index, follow, max-snippet:-1, max-image-preview:large, max-video-preview:-1\" \/>\n<link rel=\"canonical\" href=\"https:\/\/robert-moreno.es\/it\/comunicato-robert-moreno-commissario-tecnico-corea-del-sud\/\" \/>\n<meta property=\"og:locale\" content=\"it_IT\" \/>\n<meta property=\"og:type\" content=\"article\" \/>\n<meta property=\"og:title\" content=\"Robert Moreno, commissario tecnico della Corea del Sud\" \/>\n<meta property=\"og:description\" content=\"La KFA ha annunciato il 1\u00ba settembre la nomina di Robert Moreno a ct della Corea del Sud: sei partite fino al 27 novembre 2026.\" \/>\n<meta property=\"og:url\" content=\"https:\/\/robert-moreno.es\/it\/comunicato-robert-moreno-commissario-tecnico-corea-del-sud\/\" \/>\n<meta property=\"og:site_name\" content=\"Robert Moreno - Entrenador de f\u00fatbol\" \/>\n<meta property=\"article:published_time\" content=\"2026-09-03T06:34:36+00:00\" \/>\n<meta property=\"article:modified_time\" content=\"2026-09-03T06:38:09+00:00\" \/>\n<meta property=\"og:image\" content=\"https:\/\/robert-moreno.es\/wp-content\/uploads\/2026\/09\/robert-moreno-seleccionador-corea-2026.webp\" \/>\n\t<meta property=\"og:image:width\" content=\"1200\" \/>\n\t<meta property=\"og:image:height\" content=\"630\" \/>\n\t<meta property=\"og:image:type\" content=\"image\/webp\" \/>\n<meta name=\"author\" content=\"Robert Moreno\" \/>\n<meta name=\"twitter:card\" content=\"summary_large_image\" \/>\n<meta name=\"twitter:label1\" content=\"Scritto da\" \/>\n\t<meta name=\"twitter:data1\" content=\"Robert Moreno\" \/>\n\t<meta name=\"twitter:label2\" content=\"Tempo di lettura stimato\" \/>\n\t<meta name=\"twitter:data2\" content=\"1 minuto\" \/>\n<script type=\"application\/ld+json\" class=\"yoast-schema-graph\">{\"@context\":\"https:\\\/\\\/schema.org\",\"@graph\":[{\"@type\":\"Article\",\"@id\":\"https:\\\/\\\/robert-moreno.es\\\/it\\\/comunicato-robert-moreno-commissario-tecnico-corea-del-sud\\\/#article\",\"isPartOf\":{\"@id\":\"https:\\\/\\\/robert-moreno.es\\\/it\\\/comunicato-robert-moreno-commissario-tecnico-corea-del-sud\\\/\"},\"author\":{\"name\":\"Robert Moreno\",\"@id\":\"https:\\\/\\\/robert-moreno.es\\\/it\\\/#\\\/schema\\\/person\\\/100bfa4e74aa38c9da58d9b64f1bb691\"},\"headline\":\"Robert Moreno, commissario tecnico della Corea del Sud\",\"datePublished\":\"2026-09-03T06:34:36+00:00\",\"dateModified\":\"2026-09-03T06:38:09+00:00\",\"mainEntityOfPage\":{\"@id\":\"https:\\\/\\\/robert-moreno.es\\\/it\\\/comunicato-robert-moreno-commissario-tecnico-corea-del-sud\\\/\"},\"wordCount\":279,\"publisher\":{\"@id\":\"https:\\\/\\\/robert-moreno.es\\\/it\\\/#organization\"},\"image\":{\"@id\":\"https:\\\/\\\/robert-moreno.es\\\/it\\\/comunicato-robert-moreno-commissario-tecnico-corea-del-sud\\\/#primaryimage\"},\"thumbnailUrl\":\"https:\\\/\\\/robert-moreno.es\\\/wp-content\\\/uploads\\\/2026\\\/09\\\/robert-moreno-seleccionador-corea-2026.webp\",\"articleSection\":[\"Comunicados\",\"Comunicati\",\"In Evidenza\",\"Prensa\",\"Stampa\"],\"inLanguage\":\"it-IT\",\"copyrightYear\":\"2026\",\"copyrightHolder\":{\"@id\":\"https:\\\/\\\/robert-moreno.es\\\/#organization\"}},{\"@type\":\"WebPage\",\"@id\":\"https:\\\/\\\/robert-moreno.es\\\/it\\\/comunicato-robert-moreno-commissario-tecnico-corea-del-sud\\\/\",\"url\":\"https:\\\/\\\/robert-moreno.es\\\/it\\\/comunicato-robert-moreno-commissario-tecnico-corea-del-sud\\\/\",\"name\":\"Robert Moreno, commissario tecnico della Corea del Sud | Comunicato\",\"isPartOf\":{\"@id\":\"https:\\\/\\\/robert-moreno.es\\\/it\\\/#website\"},\"primaryImageOfPage\":{\"@id\":\"https:\\\/\\\/robert-moreno.es\\\/it\\\/comunicato-robert-moreno-commissario-tecnico-corea-del-sud\\\/#primaryimage\"},\"image\":{\"@id\":\"https:\\\/\\\/robert-moreno.es\\\/it\\\/comunicato-robert-moreno-commissario-tecnico-corea-del-sud\\\/#primaryimage\"},\"thumbnailUrl\":\"https:\\\/\\\/robert-moreno.es\\\/wp-content\\\/uploads\\\/2026\\\/09\\\/robert-moreno-seleccionador-corea-2026.webp\",\"datePublished\":\"2026-09-03T06:34:36+00:00\",\"dateModified\":\"2026-09-03T06:38:09+00:00\",\"description\":\"La KFA ha annunciato il 1\u00ba settembre la nomina di Robert Moreno a ct della Corea del Sud: sei partite fino al 27 novembre 2026.\",\"breadcrumb\":{\"@id\":\"https:\\\/\\\/robert-moreno.es\\\/it\\\/comunicato-robert-moreno-commissario-tecnico-corea-del-sud\\\/#breadcrumb\"},\"inLanguage\":\"it-IT\",\"potentialAction\":[{\"@type\":\"ReadAction\",\"target\":[\"https:\\\/\\\/robert-moreno.es\\\/it\\\/comunicato-robert-moreno-commissario-tecnico-corea-del-sud\\\/\"]}]},{\"@type\":\"ImageObject\",\"inLanguage\":\"it-IT\",\"@id\":\"https:\\\/\\\/robert-moreno.es\\\/it\\\/comunicato-robert-moreno-commissario-tecnico-corea-del-sud\\\/#primaryimage\",\"url\":\"https:\\\/\\\/robert-moreno.es\\\/wp-content\\\/uploads\\\/2026\\\/09\\\/robert-moreno-seleccionador-corea-2026.webp\",\"contentUrl\":\"https:\\\/\\\/robert-moreno.es\\\/wp-content\\\/uploads\\\/2026\\\/09\\\/robert-moreno-seleccionador-corea-2026.webp\",\"width\":1200,\"height\":630,\"caption\":\"Robert Moreno, seleccionador de Corea del Sur\"},{\"@type\":\"BreadcrumbList\",\"@id\":\"https:\\\/\\\/robert-moreno.es\\\/it\\\/comunicato-robert-moreno-commissario-tecnico-corea-del-sud\\\/#breadcrumb\",\"itemListElement\":[{\"@type\":\"ListItem\",\"position\":1,\"name\":\"Portada\",\"item\":\"https:\\\/\\\/robert-moreno.es\\\/it\\\/\"},{\"@type\":\"ListItem\",\"position\":2,\"name\":\"Robert Moreno, commissario tecnico della Corea del Sud\"}]},{\"@type\":\"WebSite\",\"@id\":\"https:\\\/\\\/robert-moreno.es\\\/it\\\/#website\",\"url\":\"https:\\\/\\\/robert-moreno.es\\\/it\\\/\",\"name\":\"Robert Moreno - Entrenador de f\u00fatbol\",\"description\":\"Entrenador de f\u00fatbol\",\"publisher\":{\"@id\":\"https:\\\/\\\/robert-moreno.es\\\/it\\\/#organization\"},\"potentialAction\":[{\"@type\":\"SearchAction\",\"target\":{\"@type\":\"EntryPoint\",\"urlTemplate\":\"https:\\\/\\\/robert-moreno.es\\\/it\\\/?s={search_term_string}\"},\"query-input\":{\"@type\":\"PropertyValueSpecification\",\"valueRequired\":true,\"valueName\":\"search_term_string\"}}],\"inLanguage\":\"it-IT\"},{\"@type\":\"Person\",\"@id\":\"https:\\\/\\\/robert-moreno.es\\\/it\\\/#\\\/schema\\\/person\\\/100bfa4e74aa38c9da58d9b64f1bb691\",\"name\":\"Robert Moreno\",\"image\":{\"@type\":\"ImageObject\",\"inLanguage\":\"it-IT\",\"@id\":\"https:\\\/\\\/robert-moreno.es\\\/wp-content\\\/litespeed\\\/avatar\\\/49c4d4a0c545e139d536817316491363.jpg?ver=1788196358\",\"url\":\"https:\\\/\\\/robert-moreno.es\\\/wp-content\\\/litespeed\\\/avatar\\\/49c4d4a0c545e139d536817316491363.jpg?ver=1788196358\",\"contentUrl\":\"https:\\\/\\\/robert-moreno.es\\\/wp-content\\\/litespeed\\\/avatar\\\/49c4d4a0c545e139d536817316491363.jpg?ver=1788196358\",\"caption\":\"Robert Moreno\"},\"description\":\"Robert Moreno Gonz\u00e1lez (Barcelona, 1977) es entrenador de f\u00fatbol con licencia UEFA Pro. Ex Seleccionador Nacional de Espa\u00f1a (2019, clasificaci\u00f3n invicta a la Eurocopa 2020) y miembro del cuerpo t\u00e9cnico del FC Barcelona con Luis Enrique (2014-2017): Triplete 2014-15 (Champions League, LaLiga, Copa del Rey) y 9 t\u00edtulos en tres temporadas. T\u00e9cnico principal en AS M\u00f3naco, Granada CF y PFC Sochi (ascenso a la Premier League rusa, 2025). Habla cinco idiomas y ha entrenado en cinco pa\u00edses. Pionero del an\u00e1lisis de v\u00eddeo y scouting digital en Espa\u00f1a. Autor de \u00abMi receta del 4-4-2\u00bb.\",\"sameAs\":[\"https:\\\/\\\/robert-moreno.com\",\"https:\\\/\\\/www.instagram.com\\\/robertmoreno\\\/\",\"https:\\\/\\\/www.linkedin.com\\\/in\\\/robertmorenocoach\\\/\"],\"url\":\"https:\\\/\\\/robert-moreno.es\\\/it\\\/author\\\/robert-moreno\\\/\"},{\"@type\":\"ImageObject\",\"inLanguage\":\"it-IT\",\"@id\":\"https:\\\/\\\/robert-moreno.es\\\/it\\\/comunicato-robert-moreno-commissario-tecnico-corea-del-sud\\\/#local-main-organization-logo\",\"url\":\"https:\\\/\\\/robert-moreno.es\\\/wp-content\\\/uploads\\\/2026\\\/02\\\/LogoRobertMoreno-e1772804580395.jpg\",\"contentUrl\":\"https:\\\/\\\/robert-moreno.es\\\/wp-content\\\/uploads\\\/2026\\\/02\\\/LogoRobertMoreno-e1772804580395.jpg\",\"width\":800,\"height\":313,\"caption\":\"Robert Moreno - Entrenador de f\u00fatbol\"}]}<\/script>\n<!-- \/ Yoast SEO Premium plugin. -->","yoast_head_json":{"title":"Robert Moreno, commissario tecnico della Corea del Sud | Comunicato","description":"La KFA ha annunciato il 1\u00ba settembre la nomina di Robert Moreno a ct della Corea del Sud: sei partite fino al 27 novembre 2026.","robots":{"index":"index","follow":"follow","max-snippet":"max-snippet:-1","max-image-preview":"max-image-preview:large","max-video-preview":"max-video-preview:-1"},"canonical":"https:\/\/robert-moreno.es\/it\/comunicato-robert-moreno-commissario-tecnico-corea-del-sud\/","og_locale":"it_IT","og_type":"article","og_title":"Robert Moreno, commissario tecnico della Corea del Sud","og_description":"La KFA ha annunciato il 1\u00ba settembre la nomina di Robert Moreno a ct della Corea del Sud: sei partite fino al 27 novembre 2026.","og_url":"https:\/\/robert-moreno.es\/it\/comunicato-robert-moreno-commissario-tecnico-corea-del-sud\/","og_site_name":"Robert Moreno - Entrenador de f\u00fatbol","article_published_time":"2026-09-03T06:34:36+00:00","article_modified_time":"2026-09-03T06:38:09+00:00","og_image":[{"width":1200,"height":630,"url":"https:\/\/robert-moreno.es\/wp-content\/uploads\/2026\/09\/robert-moreno-seleccionador-corea-2026.webp","type":"image\/webp"}],"author":"Robert Moreno","twitter_card":"summary_large_image","twitter_misc":{"Scritto da":"Robert Moreno","Tempo di lettura stimato":"1 minuto"},"schema":{"@context":"https:\/\/schema.org","@graph":[{"@type":"Article","@id":"https:\/\/robert-moreno.es\/it\/comunicato-robert-moreno-commissario-tecnico-corea-del-sud\/#article","isPartOf":{"@id":"https:\/\/robert-moreno.es\/it\/comunicato-robert-moreno-commissario-tecnico-corea-del-sud\/"},"author":{"name":"Robert Moreno","@id":"https:\/\/robert-moreno.es\/it\/#\/schema\/person\/100bfa4e74aa38c9da58d9b64f1bb691"},"headline":"Robert Moreno, commissario tecnico della Corea del Sud","datePublished":"2026-09-03T06:34:36+00:00","dateModified":"2026-09-03T06:38:09+00:00","mainEntityOfPage":{"@id":"https:\/\/robert-moreno.es\/it\/comunicato-robert-moreno-commissario-tecnico-corea-del-sud\/"},"wordCount":279,"publisher":{"@id":"https:\/\/robert-moreno.es\/it\/#organization"},"image":{"@id":"https:\/\/robert-moreno.es\/it\/comunicato-robert-moreno-commissario-tecnico-corea-del-sud\/#primaryimage"},"thumbnailUrl":"https:\/\/robert-moreno.es\/wp-content\/uploads\/2026\/09\/robert-moreno-seleccionador-corea-2026.webp","articleSection":["Comunicados","Comunicati","In Evidenza","Prensa","Stampa"],"inLanguage":"it-IT","copyrightYear":"2026","copyrightHolder":{"@id":"https:\/\/robert-moreno.es\/#organization"}},{"@type":"WebPage","@id":"https:\/\/robert-moreno.es\/it\/comunicato-robert-moreno-commissario-tecnico-corea-del-sud\/","url":"https:\/\/robert-moreno.es\/it\/comunicato-robert-moreno-commissario-tecnico-corea-del-sud\/","name":"Robert Moreno, commissario tecnico della Corea del Sud | Comunicato","isPartOf":{"@id":"https:\/\/robert-moreno.es\/it\/#website"},"primaryImageOfPage":{"@id":"https:\/\/robert-moreno.es\/it\/comunicato-robert-moreno-commissario-tecnico-corea-del-sud\/#primaryimage"},"image":{"@id":"https:\/\/robert-moreno.es\/it\/comunicato-robert-moreno-commissario-tecnico-corea-del-sud\/#primaryimage"},"thumbnailUrl":"https:\/\/robert-moreno.es\/wp-content\/uploads\/2026\/09\/robert-moreno-seleccionador-corea-2026.webp","datePublished":"2026-09-03T06:34:36+00:00","dateModified":"2026-09-03T06:38:09+00:00","description":"La KFA ha annunciato il 1\u00ba settembre la nomina di Robert Moreno a ct della Corea del Sud: sei partite fino al 27 novembre 2026.","breadcrumb":{"@id":"https:\/\/robert-moreno.es\/it\/comunicato-robert-moreno-commissario-tecnico-corea-del-sud\/#breadcrumb"},"inLanguage":"it-IT","potentialAction":[{"@type":"ReadAction","target":["https:\/\/robert-moreno.es\/it\/comunicato-robert-moreno-commissario-tecnico-corea-del-sud\/"]}]},{"@type":"ImageObject","inLanguage":"it-IT","@id":"https:\/\/robert-moreno.es\/it\/comunicato-robert-moreno-commissario-tecnico-corea-del-sud\/#primaryimage","url":"https:\/\/robert-moreno.es\/wp-content\/uploads\/2026\/09\/robert-moreno-seleccionador-corea-2026.webp","contentUrl":"https:\/\/robert-moreno.es\/wp-content\/uploads\/2026\/09\/robert-moreno-seleccionador-corea-2026.webp","width":1200,"height":630,"caption":"Robert Moreno, seleccionador de Corea del Sur"},{"@type":"BreadcrumbList","@id":"https:\/\/robert-moreno.es\/it\/comunicato-robert-moreno-commissario-tecnico-corea-del-sud\/#breadcrumb","itemListElement":[{"@type":"ListItem","position":1,"name":"Portada","item":"https:\/\/robert-moreno.es\/it\/"},{"@type":"ListItem","position":2,"name":"Robert Moreno, commissario tecnico della Corea del Sud"}]},{"@type":"WebSite","@id":"https:\/\/robert-moreno.es\/it\/#website","url":"https:\/\/robert-moreno.es\/it\/","name":"Robert Moreno - Entrenador de f\u00fatbol","description":"Entrenador de f\u00fatbol","publisher":{"@id":"https:\/\/robert-moreno.es\/it\/#organization"},"potentialAction":[{"@type":"SearchAction","target":{"@type":"EntryPoint","urlTemplate":"https:\/\/robert-moreno.es\/it\/?s={search_term_string}"},"query-input":{"@type":"PropertyValueSpecification","valueRequired":true,"valueName":"search_term_string"}}],"inLanguage":"it-IT"},{"@type":"Person","@id":"https:\/\/robert-moreno.es\/it\/#\/schema\/person\/100bfa4e74aa38c9da58d9b64f1bb691","name":"Robert Moreno","image":{"@type":"ImageObject","inLanguage":"it-IT","@id":"https:\/\/robert-moreno.es\/wp-content\/litespeed\/avatar\/49c4d4a0c545e139d536817316491363.jpg?ver=1788196358","url":"https:\/\/robert-moreno.es\/wp-content\/litespeed\/avatar\/49c4d4a0c545e139d536817316491363.jpg?ver=1788196358","contentUrl":"https:\/\/robert-moreno.es\/wp-content\/litespeed\/avatar\/49c4d4a0c545e139d536817316491363.jpg?ver=1788196358","caption":"Robert Moreno"},"description":"Robert Moreno Gonz\u00e1lez (Barcelona, 1977) es entrenador de f\u00fatbol con licencia UEFA Pro. Ex Seleccionador Nacional de Espa\u00f1a (2019, clasificaci\u00f3n invicta a la Eurocopa 2020) y miembro del cuerpo t\u00e9cnico del FC Barcelona con Luis Enrique (2014-2017): Triplete 2014-15 (Champions League, LaLiga, Copa del Rey) y 9 t\u00edtulos en tres temporadas. T\u00e9cnico principal en AS M\u00f3naco, Granada CF y PFC Sochi (ascenso a la Premier League rusa, 2025). Habla cinco idiomas y ha entrenado en cinco pa\u00edses. Pionero del an\u00e1lisis de v\u00eddeo y scouting digital en Espa\u00f1a. Autor de \u00abMi receta del 4-4-2\u00bb.","sameAs":["https:\/\/robert-moreno.com","https:\/\/www.instagram.com\/robertmoreno\/","https:\/\/www.linkedin.com\/in\/robertmorenocoach\/"],"url":"https:\/\/robert-moreno.es\/it\/author\/robert-moreno\/"},{"@type":"ImageObject","inLanguage":"it-IT","@id":"https:\/\/robert-moreno.es\/it\/comunicato-robert-moreno-commissario-tecnico-corea-del-sud\/#local-main-organization-logo","url":"https:\/\/robert-moreno.es\/wp-content\/uploads\/2026\/02\/LogoRobertMoreno-e1772804580395.jpg","contentUrl":"https:\/\/robert-moreno.es\/wp-content\/uploads\/2026\/02\/LogoRobertMoreno-e1772804580395.jpg","width":800,"height":313,"caption":"Robert Moreno - Entrenador de f\u00fatbol"}]}},"_links":{"self":[{"href":"https:\/\/robert-moreno.es\/it\/wp-json\/wp\/v2\/posts\/11375","targetHints":{"allow":["GET"]}}],"collection":[{"href":"https:\/\/robert-moreno.es\/it\/wp-json\/wp\/v2\/posts"}],"about":[{"href":"https:\/\/robert-moreno.es\/it\/wp-json\/wp\/v2\/types\/post"}],"author":[{"embeddable":true,"href":"https:\/\/robert-moreno.es\/it\/wp-json\/wp\/v2\/users\/1"}],"replies":[{"embeddable":true,"href":"https:\/\/robert-moreno.es\/it\/wp-json\/wp\/v2\/comments?post=11375"}],"version-history":[{"count":0,"href":"https:\/\/robert-moreno.es\/it\/wp-json\/wp\/v2\/posts\/11375\/revisions"}],"wp:featuredmedia":[{"embeddable":true,"href":"https:\/\/robert-moreno.es\/it\/wp-json\/wp\/v2\/media\/11368"}],"wp:attachment":[{"href":"https:\/\/robert-moreno.es\/it\/wp-json\/wp\/v2\/media?parent=11375"}],"wp:term":[{"taxonomy":"category","embeddable":true,"href":"https:\/\/robert-moreno.es\/it\/wp-json\/wp\/v2\/categories?post=11375"},{"taxonomy":"post_tag","embeddable":true,"href":"https:\/\/robert-moreno.es\/it\/wp-json\/wp\/v2\/tags?post=11375"}],"curies":[{"name":"wp","href":"https:\/\/api.w.org\/{rel}","templated":true}]}}