{"id":10627,"date":"2026-03-09T13:56:17","date_gmt":"2026-03-09T12:56:17","guid":{"rendered":"https:\/\/robert-moreno.es\/robert-moreno-su-tuttomercato-web-il-como-di-cesc-fabregas-sta-facendo-evolvere-la-serie-a-robert-moreno\/"},"modified":"2026-03-09T20:48:20","modified_gmt":"2026-03-09T19:48:20","slug":"robert-moreno-su-tuttomercato-web-il-como-di-cesc-fabregas-sta-facendo-evolvere-la-serie-a-robert-moreno","status":"publish","type":"post","link":"https:\/\/robert-moreno.es\/it\/robert-moreno-su-tuttomercato-web-il-como-di-cesc-fabregas-sta-facendo-evolvere-la-serie-a-robert-moreno\/","title":{"rendered":"Robert Moreno su TuttoMercato Web: &#8220;Il Como di Cesc F\u00e0bregas sta facendo evolvere la Serie A&#8221; | Robert Moreno"},"content":{"rendered":"<p><!-- Schema.org Article (JSON-LD) --><br \/>\n<script type=\"application\/ld+json\">\n{\n  \"@context\": \"https:\/\/schema.org\",\n  \"@type\": \"Article\",\n  \"headline\": \"Robert Moreno su TuttoMercato Web: Il Como di Cesc F\u00e0bregas sta facendo evolvere l'intera Serie A\",\n  \"description\": \"Robert Moreno analizza in esclusiva per TuttoMercato Web il progetto del Como di Cesc F\u00e0bregas, il suo legame con l'Italia e la sua esperienza con Tchouam\u00e9ni all'AS Monaco.\",\n  \"author\": {\n    \"@type\": \"Person\",\n    \"name\": \"Robert Moreno\",\n    \"url\": \"https:\/\/robert-moreno.es\/sobre-mi\/\",\n    \"jobTitle\": \"Allenatore di Calcio Professionista\",\n    \"sameAs\": [\n      \"https:\/\/www.instagram.com\/robertmoreno\/\",\n      \"https:\/\/es.wikipedia.org\/wiki\/Robert_Moreno\"\n    ]\n  },\n  \"publisher\": {\n    \"@type\": \"Organization\",\n    \"name\": \"Robert Moreno - Sito Ufficiale\",\n    \"url\": \"https:\/\/robert-moreno.es\",\n    \"logo\": {\n      \"@type\": \"ImageObject\",\n      \"url\": \"https:\/\/robert-moreno.es\/wp-content\/uploads\/logo-rm.png\"\n    }\n  },\n  \"datePublished\": \"2026-03-09\",\n  \"dateModified\": \"2026-03-09\",\n  \"mainEntityOfPage\": \"https:\/\/robert-moreno.es\/it\/intervista-tuttomercatoweb-como-fabregas\/\",\n  \"image\": \"https:\/\/robert-moreno.es\/wp-content\/uploads\/tmw-interview-featured.jpg\",\n  \"keywords\": [\"Robert Moreno\", \"TuttoMercato Web\", \"Cesc F\u00e0bregas\", \"Como Calcio\", \"Serie A\", \"Tchouam\u00e9ni\", \"AS Monaco\", \"allenatore spagnolo Italia\"],\n  \"articleSection\": \"Sala Stampa\",\n  \"wordCount\": 750,\n  \"inLanguage\": \"it\",\n  \"mentions\": [\n    {\n      \"@type\": \"Person\",\n      \"name\": \"Cesc F\u00e0bregas\",\n      \"url\": \"https:\/\/it.wikipedia.org\/wiki\/Cesc_F%C3%A0bregas\"\n    },\n    {\n      \"@type\": \"Person\",\n      \"name\": \"Aur\u00e9lien Tchouam\u00e9ni\",\n      \"url\": \"https:\/\/it.wikipedia.org\/wiki\/Aur%C3%A9lien_Tchouam%C3%A9ni\"\n    },\n    {\n      \"@type\": \"SportsTeam\",\n      \"name\": \"Como 1907\",\n      \"sport\": \"Football\"\n    }\n  ]\n}\n<\/script><\/p>\n<style>\n    .rm-article {\n        max-width: 780px;\n        margin: 0 auto;\n        padding: 60px 24px 80px;\n        font-family: 'Montserrat', sans-serif;\n        color: #e0e0e0;\n        line-height: 1.85;\n        font-size: 17px\n    }\n    .rm-article__header {\n        text-align: center;\n        margin-bottom: 56px;\n        padding-bottom: 40px;\n        border-bottom: 1px solid rgba(255, 255, 255, 0.08)\n    }\n    .rm-article__badge {\n        display: inline-flex;\n        align-items: center;\n        gap: 8px;\n        font-size: 11px;\n        font-weight: 700;\n        letter-spacing: 3px;\n        text-transform: uppercase;\n        color: #c9a962;\n        margin-bottom: 20px;\n        padding: 6px 16px;\n        background: rgba(201, 169, 98, 0.08);\n        border-radius: 20px;\n        border: 1px solid rgba(201, 169, 98, 0.2)\n    }\n    .rm-article__title {\n        font-size: clamp(26px, 5vw, 38px);\n        font-weight: 800;\n        color: #fff;\n        line-height: 1.2;\n        margin: 0 0 16px;\n        letter-spacing: -0.5px\n    }\n    .rm-article__subtitle {\n        font-size: 18px;\n        color: #999;\n        margin: 0 0 24px;\n        font-weight: 400\n    }\n    .rm-article__meta {\n        font-size: 13px;\n        color: #666;\n        display: flex;\n        justify-content: center;\n        align-items: center;\n        gap: 16px;\n        flex-wrap: wrap\n    }\n    .rm-article__meta span {\n        display: flex;\n        align-items: center;\n        gap: 5px\n    }\n    .rm-article__meta .rm-dot {\n        width: 4px;\n        height: 4px;\n        border-radius: 50%;\n        background: #444\n    }\n    .rm-article__intro {\n        padding: 28px 32px;\n        background: linear-gradient(135deg, rgba(201, 169, 98, 0.06) 0%, rgba(201, 169, 98, 0.02) 100%);\n        border-left: 4px solid #c9a962;\n        border-radius: 0 12px 12px 0;\n        margin-bottom: 40px;\n        font-size: 16px;\n        color: #ccc;\n        line-height: 1.7\n    }\n    .rm-article__intro strong {\n        color: #fff\n    }\n    .rm-article h2 {\n        font-size: 22px;\n        font-weight: 700;\n        color: #fff;\n        margin: 44px 0 16px;\n        padding-left: 16px;\n        border-left: 3px solid #c9a962;\n        line-height: 1.3\n    }\n    .rm-article p {\n        margin: 0 0 20px;\n        color: rgba(255, 255, 255, 0.7)\n    }\n    .rm-article strong {\n        color: #fff;\n        font-weight: 600\n    }\n    .rm-article__quote {\n        margin: 32px 0;\n        padding: 28px 32px;\n        background: linear-gradient(135deg, rgba(16, 185, 129, 0.06) 0%, rgba(16, 185, 129, 0.02) 100%);\n        border-left: 4px solid #10b981;\n        border-radius: 0 12px 12px 0;\n        font-size: 19px;\n        font-style: italic;\n        font-weight: 500;\n        color: #fff;\n        line-height: 1.6\n    }\n    .rm-article__quote span {\n        display: block;\n        margin-top: 12px;\n        font-size: 13px;\n        font-style: normal;\n        font-weight: 600;\n        color: #10b981;\n        letter-spacing: 1px;\n        text-transform: uppercase\n    }\n    .rm-article__highlights {\n        display: grid;\n        grid-template-columns: repeat(auto-fit, minmax(160px, 1fr));\n        gap: 16px;\n        margin: 32px 0\n    }\n    .rm-article__highlight-card {\n        padding: 24px;\n        background: rgba(201, 169, 98, 0.05);\n        border: 1px solid rgba(201, 169, 98, 0.15);\n        border-radius: 12px;\n        text-align: center\n    }\n    .rm-article__highlight-card .number {\n        font-size: 24px;\n        font-weight: 800;\n        color: #c9a962;\n        display: block;\n        margin-bottom: 4px\n    }\n    .rm-article__highlight-card .label {\n        font-size: 12px;\n        color: #999;\n        letter-spacing: 1px;\n        text-transform: uppercase\n    }\n    .rm-article hr {\n        border: none;\n        height: 1px;\n        background: linear-gradient(to right, transparent, rgba(201, 169, 98, 0.3), transparent);\n        margin: 48px 0\n    }\n    .rm-article__source {\n        display: flex;\n        align-items: center;\n        gap: 16px;\n        padding: 20px 24px;\n        background: rgba(201, 169, 98, 0.04);\n        border: 1px solid rgba(201, 169, 98, 0.12);\n        border-radius: 12px;\n        margin-top: 40px;\n        text-decoration: none;\n        color: #ccc;\n        font-size: 15px;\n        transition: all 0.3s;\n        font-family: 'Montserrat', sans-serif\n    }\n    .rm-article__source:hover {\n        background: rgba(201, 169, 98, 0.1);\n        border-color: rgba(201, 169, 98, 0.3);\n        transform: translateX(4px);\n        color: #fff\n    }\n    .rm-article__source-icon {\n        font-size: 28px;\n        flex-shrink: 0\n    }\n    .rm-article__source-text {\n        display: flex;\n        flex-direction: column;\n        gap: 2px\n    }\n    .rm-article__source-title {\n        font-weight: 700;\n        color: #fff;\n        font-size: 15px\n    }\n    .rm-article__source-sub {\n        font-size: 13px;\n        color: #888\n    }\n    .rm-article__source .rm-arrow {\n        margin-left: auto;\n        color: #c9a962;\n        font-size: 18px;\n        flex-shrink: 0\n    }\n    .rm-article__cta {\n        display: inline-flex;\n        align-items: center;\n        gap: 10px;\n        margin-top: 32px;\n        padding: 14px 28px;\n        background: linear-gradient(135deg, #c9a962, #b8944f);\n        color: #111;\n        font-size: 15px;\n        font-weight: 700;\n        text-decoration: none;\n        border-radius: 10px;\n        letter-spacing: 0.5px;\n        transition: all 0.3s\n    }\n    .rm-article__cta:hover {\n        transform: translateY(-2px);\n        box-shadow: 0 8px 24px rgba(201, 169, 98, 0.3)\n    }\n    \/* \u2500\u2500 Animaciones \u2500\u2500 *\/\n    .rm-article section {\n        opacity: 0;\n        transform: translateY(30px);\n        animation: rmFadeInUp 0.6s ease forwards\n    }\n    .rm-article section:nth-child(2) {\n        animation-delay: 0.1s\n    }\n    .rm-article section:nth-child(3) {\n        animation-delay: 0.2s\n    }\n    .rm-article section:nth-child(4) {\n        animation-delay: 0.3s\n    }\n    .rm-article section:nth-child(5) {\n        animation-delay: 0.4s\n    }\n    .rm-article section:nth-child(6) {\n        animation-delay: 0.5s\n    }\n    @keyframes rmFadeInUp {\n        to {\n            opacity: 1;\n            transform: translateY(0)\n        }\n    }\n    @media(max-width:600px) {\n        .rm-article {\n            padding: 40px 16px 60px;\n            font-size: 16px\n        }\n        .rm-article__title {\n            font-size: 24px\n        }\n        .rm-article__quote {\n            padding: 20px;\n            font-size: 17px\n        }\n        .rm-article__highlights {\n            grid-template-columns: repeat(2, 1fr)\n        }\n    }\n<\/style>\n<article class=\"rm-article\">\n    <!-- \u2550\u2550\u2550 INTESTAZIONE \u2550\u2550\u2550 --><\/p>\n<header class=\"rm-article__header\">\n        <span class=\"rm-article__badge\">&#127908; Intervista &middot; Stampa Internazionale<\/span><\/p>\n<h1 class=\"rm-article__title\">Robert Moreno su TuttoMercato Web: &laquo;Il Como di Cesc F&agrave;bregas sta<br \/>\n            facendo evolvere l&rsquo;intera Serie A&raquo;<\/h1>\n<p class=\"rm-article__subtitle\">L&rsquo;allenatore spagnolo analizza il progetto del Como, il suo legame con<br \/>\n            l&rsquo;Italia e il lavoro con Tchouam&eacute;ni all&rsquo;AS Monaco<\/p>\n<div class=\"rm-article__meta\">\n            <span>&#127470;&#127481; <strong>TuttoMercato Web<\/strong><\/span><br \/>\n            <span class=\"rm-dot\"><\/span><br \/>\n            <span>Intervista esclusiva<\/span><br \/>\n            <span class=\"rm-dot\"><\/span><br \/>\n            <span>9 marzo 2026<\/span><br \/>\n            <span class=\"rm-dot\"><\/span><br \/>\n            <span>4 min di lettura<\/span>\n        <\/div>\n<\/header>\n<p>    <!-- \u2550\u2550\u2550 INTRO \u2550\u2550\u2550 --><\/p>\n<div class=\"rm-article__intro\">\n        <strong>Robert Moreno<\/strong> ha rilasciato un&rsquo;intervista esclusiva a <strong>TuttoMercato Web<\/strong>,<br \/>\n        il quinto portale sportivo pi&ugrave; letto d&rsquo;Italia con oltre 18 milioni di visite mensili.<br \/>\n        Nell&rsquo;intervista analizza il progetto del <strong>Como 1907<\/strong> di Cesc F&agrave;bregas<br \/>\n        &mdash;attualmente quarto in Serie A e in piena corsa per un posto in Champions League&mdash;, ripercorre il suo<br \/>\n        legame personale con l&rsquo;Italia e chiarisce definitivamente le voci sulla sua esperienza in Russia.\n    <\/div>\n<p>    <!-- \u2550\u2550\u2550 DATI CHIAVE \u2550\u2550\u2550 --><\/p>\n<div class=\"rm-article__highlights\">\n<div class=\"rm-article__highlight-card\">\n            <span class=\"number\">TMW<\/span><br \/>\n            <span class=\"label\">5&ordm; media sportivo in Italia<\/span>\n        <\/div>\n<div class=\"rm-article__highlight-card\">\n            <span class=\"number\">18M<\/span><br \/>\n            <span class=\"label\">visite mensili<\/span>\n        <\/div>\n<div class=\"rm-article__highlight-card\">\n            <span class=\"number\">4&ordm;<\/span><br \/>\n            <span class=\"label\">Como in Serie A<\/span>\n        <\/div>\n<div class=\"rm-article__highlight-card\">\n            <span class=\"number\">&#127470;&#127481;<\/span><br \/>\n            <span class=\"label\">intervista in italiano<\/span>\n        <\/div>\n<\/p><\/div>\n<p>    <!-- \u2550\u2550\u2550 SEZIONE 1: CESC E IL COMO \u2550\u2550\u2550 --><\/p>\n<section>\n<h2>Cesc F&agrave;bregas e il progetto del Como<\/h2>\n<p>L&rsquo;allenatore spagnolo, che ha diretto F&agrave;bregas durante la sua esperienza all&rsquo;<strong>AS<br \/>\n                Monaco<\/strong>, sottolinea la coerenza del progetto lariano come uno dei pi&ugrave; interessanti del<br \/>\n            calcio europeo:<\/p>\n<div class=\"rm-article__quote\">\n            &laquo;Il Como &egrave; uno dei progetti pi&ugrave; interessanti del calcio europeo in questo momento. Il<br \/>\n            modello di gioco ha radici chiaramente spagnole: possesso lavorato, uscita pulita dal basso, pressing<br \/>\n            organizzato. Ma l&rsquo;aspetto affascinante &egrave; che quel modello non viene importato meccanicamente<br \/>\n            &mdash; viene adattato al campionato italiano. Ed &egrave; enormemente difficile farlo bene.&raquo;<br \/>\n            <span>&mdash; Robert Moreno<\/span>\n        <\/div>\n<p>Moreno sottolinea inoltre il coraggio di scommettere su giovani giocatori di talento in un campionato<br \/>\n            cos&igrave; esigente come la Serie A, e evidenzia che il Como sta dimostrando che <strong>la filosofia<br \/>\n                spagnola di gioco pu&ograve; arricchire il calcio italiano, non contrastarlo<\/strong>.<\/p>\n<\/section>\n<p>    <!-- \u2550\u2550\u2550 SEZIONE 2: ANEDDOTO TCHOUAM\u00c9NI \u2550\u2550\u2550 --><\/p>\n<section>\n<h2>Cesc come allenatore: una vocazione che si vedeva gi&agrave;<\/h2>\n<p>Moreno ricorda anche un aneddoto rivelatore degli allenamenti a Monaco che collega direttamente il Cesc<br \/>\n            giocatore al Cesc allenatore di oggi:<\/p>\n<div class=\"rm-article__quote\">\n            &laquo;Avere Cesc in campo era come avere un allenatore dentro il terreno di gioco. Ricordo il lavoro<br \/>\n            individuale che abbiamo svolto con giocatori come Tchouam&eacute;ni &mdash;che oggi &egrave; al Real<br \/>\n            Madrid&mdash; per sviluppare determinate caratteristiche. Cesc restava a guardare. Voleva ascoltare, capire<br \/>\n            il perch&eacute; di ogni esercizio. Era gi&agrave; chiaro che c&rsquo;era un allenatore in attesa.&raquo;<br \/>\n            <span>&mdash; Robert Moreno<\/span>\n        <\/div>\n<p>Sul futuro di F&agrave;bregas come allenatore di un top club, Moreno non ha dubbi: <em>&laquo;La domanda<br \/>\n                pertinente non &egrave; se pu&ograve; avere successo a quel livello. Credo di s&igrave;. La domanda<br \/>\n                &egrave; quando e con quale progetto si realizza quella somma.&raquo;<\/em><\/p>\n<\/section>\n<p>    <!-- \u2550\u2550\u2550 SEZIONE 3: ITALIA COME DESTINAZIONE \u2550\u2550\u2550 --><\/p>\n<section>\n<h2>L&rsquo;Italia come destinazione professionale<\/h2>\n<p>Il tecnico spagnolo, che parla italiano correntemente e ha vissuto un anno a Milano, riafferma<br \/>\n            nell&rsquo;intervista il suo interesse per la Serie A:<\/p>\n<div class=\"rm-article__quote\">\n            &laquo;L&rsquo;Italia &egrave; un mercato che mi attrae enormemente. Ho lavorato a Roma, conosco la cultura<br \/>\n            tattica italiana dall&rsquo;interno. Se arrivasse una proposta seria da un club con una reale ambizione di<br \/>\n            costruire qualcosa, la valuterei con grandissimo interesse. Nel calcio non mi pongo confini geografici<br \/>\n            &mdash; quello che cerco &egrave; il progetto giusto.&raquo;<br \/>\n            <span>&mdash; Robert Moreno<\/span>\n        <\/div>\n<p>Moreno sottolinea che la Serie A sta attraversando un <strong>momento molto interessante<\/strong>, con club<br \/>\n            ambiziosi, una nuova generazione di dirigenti e un campionato che esige e stimola allo stesso tempo.<\/p>\n<\/section>\n<p>    <!-- \u2550\u2550\u2550 SEZIONE 4: SMENTITA \u2550\u2550\u2550 --><\/p>\n<section>\n<h2>Smentita sul caso ChatGPT<\/h2>\n<p>Moreno approfitta anche dell&rsquo;intervista per smontare con i fatti le voci su un presunto esonero per<br \/>\n            l&rsquo;uso dell&rsquo;intelligenza artificiale durante la sua esperienza al PFC Sochi:<\/p>\n<div class=\"rm-article__quote\">\n            &laquo;Mi hanno assunto, mi hanno rinnovato il contratto fino al 2027, ho promosso la squadra nella Premier<br \/>\n            League russa, e ci siamo separati per motivi di risultati. ChatGPT non appare in nessuna parte di questa<br \/>\n            storia. I fatti sono documentati. Le voci, no.&raquo;<br \/>\n            <span>&mdash; Robert Moreno<\/span>\n        <\/div>\n<p>L&rsquo;allenatore spiega che l&rsquo;origine &egrave; stata una traduzione errata di un titolo russo da<br \/>\n            parte di un media statunitense, che ha trasformato <em>&laquo;usava regolarmente reti neurali&raquo;<\/em> in<br \/>\n            <em>&laquo;Fired for using ChatGPT&raquo;<\/em>. TMW ha pubblicato anche <a\n                href=\"https:\/\/www.tuttomercatoweb.com\/serie-a\/esonerato-dal-soci-perche-usava-chatgpt-moreno-negli-usa-hanno-tradotto-male-un-pezzo-2211023\"\n                target=\"_blank\" rel=\"noopener\" style=\"color:#c9a962;text-decoration:underline\">un articolo specifico<\/a><br \/>\n            con questa smentita.<\/p>\n<\/section>\n<hr>\n<p>    <!-- \u2550\u2550\u2550 LINK ALL'ORIGINALE \u2550\u2550\u2550 --><\/p>\n<section>\n<h2>Intervista completa<\/h2>\n<p>        <a href=\"https:\/\/www.tuttomercatoweb.com\/serie-a\/moreno-ex-tecnico-di-fabregas-al-monaco-il-suo-como-oggi-sta-evolvendo-l-intera-serie-a-2210970\"\n            target=\"_blank\" rel=\"noopener\" class=\"rm-article__source\"><br \/>\n            <span class=\"rm-article__source-icon\">&#127470;&#127481;<\/span><br \/>\n            <span class=\"rm-article__source-text\"><br \/>\n                <span class=\"rm-article__source-title\">TuttoMercato Web &mdash; Intervista completa<\/span><br \/>\n                <span class=\"rm-article__source-sub\">&laquo;Moreno, ex tecnico di Fabregas al Monaco: il suo Como oggi<br \/>\n                    sta evolvendo l&rsquo;intera Serie A&raquo;<\/span><br \/>\n            <\/span><br \/>\n            <span class=\"rm-arrow\">&rarr;<\/span><br \/>\n        <\/a><br \/>\n    <\/section>\n<p style=\"margin-top:48px;\"><a href=\"https:\/\/robert-moreno.es\/it\/prensa-3\/\"\n            style=\"color:#c9a962;text-decoration:none;\">&larr; Torna alla Sala Stampa<\/a><\/p>\n<\/article>\n","protected":false},"excerpt":{"rendered":"<p>&#127908; Intervista &middot; Stampa Internazionale Robert Moreno su TuttoMercato Web: &laquo;Il Como di Cesc F&agrave;bregas sta facendo evolvere l&rsquo;intera Serie A&raquo; L&rsquo;allenatore spagnolo analizza il progetto del Como, il suo legame con l&rsquo;Italia e il lavoro con Tchouam&eacute;ni all&rsquo;AS Monaco &#127470;&#127481; TuttoMercato Web Intervista esclusiva 9 marzo 2026 4 min di lettura Robert Moreno ha [&hellip;]<\/p>\n","protected":false},"author":1,"featured_media":10626,"comment_status":"closed","ping_status":"closed","sticky":false,"template":"","format":"standard","meta":{"_angie_page":false,"page_builder":"","footnotes":""},"categories":[85,75],"tags":[],"class_list":["post-10627","post","type-post","status-publish","format-standard","has-post-thumbnail","hentry","category-interviste","category-stampa"],"yoast_head":"<!-- This site is optimized with the Yoast SEO Premium plugin v28.3 (Yoast SEO v28.3) - https:\/\/yoast.com\/product\/yoast-seo-premium-wordpress\/ -->\n<title>Robert Moreno su TuttoMercato Web: &quot;Il Como di Cesc F\u00e0bregas sta facendo evolvere la Serie A&quot; | Robert Moreno<\/title>\n<meta name=\"description\" content=\"Robert Moreno analizza in esclusiva per TuttoMercato Web il progetto del Como di Cesc F\u00e0bregas, il suo legame con l&#039;Italia e il lavoro con Tchouam\u00e9ni all&#039;AS Monaco.\" \/>\n<meta name=\"robots\" content=\"index, follow, max-snippet:-1, max-image-preview:large, max-video-preview:-1\" \/>\n<link rel=\"canonical\" href=\"https:\/\/robert-moreno.es\/it\/robert-moreno-su-tuttomercato-web-il-como-di-cesc-fabregas-sta-facendo-evolvere-la-serie-a-robert-moreno\/\" \/>\n<meta property=\"og:locale\" content=\"it_IT\" \/>\n<meta property=\"og:type\" content=\"article\" \/>\n<meta property=\"og:title\" content=\"Robert Moreno su TuttoMercato Web: &quot;Il Como di Cesc F\u00e0bregas sta facendo evolvere la Serie A&quot; | Robert Moreno\" \/>\n<meta property=\"og:description\" content=\"Robert Moreno analizza in esclusiva per TuttoMercato Web il progetto del Como di Cesc F\u00e0bregas, il suo legame con l&#039;Italia e il lavoro con Tchouam\u00e9ni all&#039;AS Monaco.\" \/>\n<meta property=\"og:url\" content=\"https:\/\/robert-moreno.es\/it\/robert-moreno-su-tuttomercato-web-il-como-di-cesc-fabregas-sta-facendo-evolvere-la-serie-a-robert-moreno\/\" \/>\n<meta property=\"og:site_name\" content=\"Robert Moreno - Entrenador de f\u00fatbol\" \/>\n<meta property=\"article:published_time\" content=\"2026-03-09T12:56:17+00:00\" \/>\n<meta property=\"article:modified_time\" content=\"2026-03-09T19:48:20+00:00\" \/>\n<meta property=\"og:image\" content=\"https:\/\/robert-moreno.es\/wp-content\/uploads\/2026\/03\/RobertCescTuttoMercato.webp\" \/>\n\t<meta property=\"og:image:width\" content=\"739\" \/>\n\t<meta property=\"og:image:height\" content=\"415\" \/>\n\t<meta property=\"og:image:type\" content=\"image\/webp\" \/>\n<meta name=\"author\" content=\"Robert Moreno\" \/>\n<meta name=\"twitter:card\" content=\"summary_large_image\" \/>\n<meta name=\"twitter:label1\" content=\"Scritto da\" \/>\n\t<meta name=\"twitter:data1\" content=\"Robert Moreno\" \/>\n\t<meta name=\"twitter:label2\" content=\"Tempo di lettura stimato\" \/>\n\t<meta name=\"twitter:data2\" content=\"4 minuti\" \/>\n<script type=\"application\/ld+json\" class=\"yoast-schema-graph\">{\"@context\":\"https:\\\/\\\/schema.org\",\"@graph\":[{\"@type\":\"Article\",\"@id\":\"https:\\\/\\\/robert-moreno.es\\\/it\\\/robert-moreno-su-tuttomercato-web-il-como-di-cesc-fabregas-sta-facendo-evolvere-la-serie-a-robert-moreno\\\/#article\",\"isPartOf\":{\"@id\":\"https:\\\/\\\/robert-moreno.es\\\/it\\\/robert-moreno-su-tuttomercato-web-il-como-di-cesc-fabregas-sta-facendo-evolvere-la-serie-a-robert-moreno\\\/\"},\"author\":{\"name\":\"Robert Moreno\",\"@id\":\"https:\\\/\\\/robert-moreno.es\\\/it\\\/#\\\/schema\\\/person\\\/100bfa4e74aa38c9da58d9b64f1bb691\"},\"headline\":\"Robert Moreno su TuttoMercato Web: &#8220;Il Como di Cesc F\u00e0bregas sta facendo evolvere la Serie A&#8221; | Robert Moreno\",\"datePublished\":\"2026-03-09T12:56:17+00:00\",\"dateModified\":\"2026-03-09T19:48:20+00:00\",\"mainEntityOfPage\":{\"@id\":\"https:\\\/\\\/robert-moreno.es\\\/it\\\/robert-moreno-su-tuttomercato-web-il-como-di-cesc-fabregas-sta-facendo-evolvere-la-serie-a-robert-moreno\\\/\"},\"wordCount\":754,\"publisher\":{\"@id\":\"https:\\\/\\\/robert-moreno.es\\\/it\\\/#organization\"},\"image\":{\"@id\":\"https:\\\/\\\/robert-moreno.es\\\/it\\\/robert-moreno-su-tuttomercato-web-il-como-di-cesc-fabregas-sta-facendo-evolvere-la-serie-a-robert-moreno\\\/#primaryimage\"},\"thumbnailUrl\":\"https:\\\/\\\/robert-moreno.es\\\/wp-content\\\/uploads\\\/2026\\\/03\\\/RobertCescTuttoMercato.webp\",\"articleSection\":[\"Interviste\",\"Stampa\"],\"inLanguage\":\"it-IT\",\"copyrightYear\":\"2026\",\"copyrightHolder\":{\"@id\":\"https:\\\/\\\/robert-moreno.es\\\/#organization\"}},{\"@type\":\"WebPage\",\"@id\":\"https:\\\/\\\/robert-moreno.es\\\/it\\\/robert-moreno-su-tuttomercato-web-il-como-di-cesc-fabregas-sta-facendo-evolvere-la-serie-a-robert-moreno\\\/\",\"url\":\"https:\\\/\\\/robert-moreno.es\\\/it\\\/robert-moreno-su-tuttomercato-web-il-como-di-cesc-fabregas-sta-facendo-evolvere-la-serie-a-robert-moreno\\\/\",\"name\":\"Robert Moreno su TuttoMercato Web: \\\"Il Como di Cesc F\u00e0bregas sta facendo evolvere la Serie A\\\" | Robert Moreno\",\"isPartOf\":{\"@id\":\"https:\\\/\\\/robert-moreno.es\\\/it\\\/#website\"},\"primaryImageOfPage\":{\"@id\":\"https:\\\/\\\/robert-moreno.es\\\/it\\\/robert-moreno-su-tuttomercato-web-il-como-di-cesc-fabregas-sta-facendo-evolvere-la-serie-a-robert-moreno\\\/#primaryimage\"},\"image\":{\"@id\":\"https:\\\/\\\/robert-moreno.es\\\/it\\\/robert-moreno-su-tuttomercato-web-il-como-di-cesc-fabregas-sta-facendo-evolvere-la-serie-a-robert-moreno\\\/#primaryimage\"},\"thumbnailUrl\":\"https:\\\/\\\/robert-moreno.es\\\/wp-content\\\/uploads\\\/2026\\\/03\\\/RobertCescTuttoMercato.webp\",\"datePublished\":\"2026-03-09T12:56:17+00:00\",\"dateModified\":\"2026-03-09T19:48:20+00:00\",\"description\":\"Robert Moreno analizza in esclusiva per TuttoMercato Web il progetto del Como di Cesc F\u00e0bregas, il suo legame con l'Italia e il lavoro con Tchouam\u00e9ni all'AS Monaco.\",\"breadcrumb\":{\"@id\":\"https:\\\/\\\/robert-moreno.es\\\/it\\\/robert-moreno-su-tuttomercato-web-il-como-di-cesc-fabregas-sta-facendo-evolvere-la-serie-a-robert-moreno\\\/#breadcrumb\"},\"inLanguage\":\"it-IT\",\"potentialAction\":[{\"@type\":\"ReadAction\",\"target\":[\"https:\\\/\\\/robert-moreno.es\\\/it\\\/robert-moreno-su-tuttomercato-web-il-como-di-cesc-fabregas-sta-facendo-evolvere-la-serie-a-robert-moreno\\\/\"]}]},{\"@type\":\"ImageObject\",\"inLanguage\":\"it-IT\",\"@id\":\"https:\\\/\\\/robert-moreno.es\\\/it\\\/robert-moreno-su-tuttomercato-web-il-como-di-cesc-fabregas-sta-facendo-evolvere-la-serie-a-robert-moreno\\\/#primaryimage\",\"url\":\"https:\\\/\\\/robert-moreno.es\\\/wp-content\\\/uploads\\\/2026\\\/03\\\/RobertCescTuttoMercato.webp\",\"contentUrl\":\"https:\\\/\\\/robert-moreno.es\\\/wp-content\\\/uploads\\\/2026\\\/03\\\/RobertCescTuttoMercato.webp\",\"width\":739,\"height\":415},{\"@type\":\"BreadcrumbList\",\"@id\":\"https:\\\/\\\/robert-moreno.es\\\/it\\\/robert-moreno-su-tuttomercato-web-il-como-di-cesc-fabregas-sta-facendo-evolvere-la-serie-a-robert-moreno\\\/#breadcrumb\",\"itemListElement\":[{\"@type\":\"ListItem\",\"position\":1,\"name\":\"Portada\",\"item\":\"https:\\\/\\\/robert-moreno.es\\\/it\\\/home\\\/\"},{\"@type\":\"ListItem\",\"position\":2,\"name\":\"Robert Moreno su TuttoMercato Web: \u00abIl Como di Cesc F\u00e0bregas sta facendo evolvere la Serie A\u00bb | Robert Moreno\"}]},{\"@type\":\"WebSite\",\"@id\":\"https:\\\/\\\/robert-moreno.es\\\/it\\\/#website\",\"url\":\"https:\\\/\\\/robert-moreno.es\\\/it\\\/\",\"name\":\"Robert Moreno - Entrenador de f\u00fatbol\",\"description\":\"Entrenador de f\u00fatbol\",\"publisher\":{\"@id\":\"https:\\\/\\\/robert-moreno.es\\\/it\\\/#organization\"},\"potentialAction\":[{\"@type\":\"SearchAction\",\"target\":{\"@type\":\"EntryPoint\",\"urlTemplate\":\"https:\\\/\\\/robert-moreno.es\\\/it\\\/?s={search_term_string}\"},\"query-input\":{\"@type\":\"PropertyValueSpecification\",\"valueRequired\":true,\"valueName\":\"search_term_string\"}}],\"inLanguage\":\"it-IT\"},{\"@type\":\"Person\",\"@id\":\"https:\\\/\\\/robert-moreno.es\\\/it\\\/#\\\/schema\\\/person\\\/100bfa4e74aa38c9da58d9b64f1bb691\",\"name\":\"Robert Moreno\",\"image\":{\"@type\":\"ImageObject\",\"inLanguage\":\"it-IT\",\"@id\":\"https:\\\/\\\/robert-moreno.es\\\/wp-content\\\/litespeed\\\/avatar\\\/49c4d4a0c545e139d536817316491363.jpg?ver=1788196358\",\"url\":\"https:\\\/\\\/robert-moreno.es\\\/wp-content\\\/litespeed\\\/avatar\\\/49c4d4a0c545e139d536817316491363.jpg?ver=1788196358\",\"contentUrl\":\"https:\\\/\\\/robert-moreno.es\\\/wp-content\\\/litespeed\\\/avatar\\\/49c4d4a0c545e139d536817316491363.jpg?ver=1788196358\",\"caption\":\"Robert Moreno\"},\"description\":\"Robert Moreno Gonz\u00e1lez (Barcelona, 1977) es entrenador de f\u00fatbol con licencia UEFA Pro. Ex Seleccionador Nacional de Espa\u00f1a (2019, clasificaci\u00f3n invicta a la Eurocopa 2020) y miembro del cuerpo t\u00e9cnico del FC Barcelona con Luis Enrique (2014-2017): Triplete 2014-15 (Champions League, LaLiga, Copa del Rey) y 9 t\u00edtulos en tres temporadas. T\u00e9cnico principal en AS M\u00f3naco, Granada CF y PFC Sochi (ascenso a la Premier League rusa, 2025). Habla cinco idiomas y ha entrenado en cinco pa\u00edses. Pionero del an\u00e1lisis de v\u00eddeo y scouting digital en Espa\u00f1a. Autor de \u00abMi receta del 4-4-2\u00bb.\",\"sameAs\":[\"https:\\\/\\\/robert-moreno.com\",\"https:\\\/\\\/www.instagram.com\\\/robertmoreno\\\/\",\"https:\\\/\\\/www.linkedin.com\\\/in\\\/robertmorenocoach\\\/\"],\"url\":\"https:\\\/\\\/robert-moreno.es\\\/it\\\/author\\\/robert-moreno\\\/\"},{\"@type\":\"ImageObject\",\"inLanguage\":\"it-IT\",\"@id\":\"https:\\\/\\\/robert-moreno.es\\\/it\\\/robert-moreno-su-tuttomercato-web-il-como-di-cesc-fabregas-sta-facendo-evolvere-la-serie-a-robert-moreno\\\/#local-main-organization-logo\",\"url\":\"https:\\\/\\\/robert-moreno.es\\\/wp-content\\\/uploads\\\/2026\\\/02\\\/LogoRobertMoreno-e1772804580395.jpg\",\"contentUrl\":\"https:\\\/\\\/robert-moreno.es\\\/wp-content\\\/uploads\\\/2026\\\/02\\\/LogoRobertMoreno-e1772804580395.jpg\",\"width\":800,\"height\":313,\"caption\":\"Robert Moreno - Entrenador de f\u00fatbol\"}]}<\/script>\n<!-- \/ Yoast SEO Premium plugin. -->","yoast_head_json":{"title":"Robert Moreno su TuttoMercato Web: \"Il Como di Cesc F\u00e0bregas sta facendo evolvere la Serie A\" | Robert Moreno","description":"Robert Moreno analizza in esclusiva per TuttoMercato Web il progetto del Como di Cesc F\u00e0bregas, il suo legame con l'Italia e il lavoro con Tchouam\u00e9ni all'AS Monaco.","robots":{"index":"index","follow":"follow","max-snippet":"max-snippet:-1","max-image-preview":"max-image-preview:large","max-video-preview":"max-video-preview:-1"},"canonical":"https:\/\/robert-moreno.es\/it\/robert-moreno-su-tuttomercato-web-il-como-di-cesc-fabregas-sta-facendo-evolvere-la-serie-a-robert-moreno\/","og_locale":"it_IT","og_type":"article","og_title":"Robert Moreno su TuttoMercato Web: \"Il Como di Cesc F\u00e0bregas sta facendo evolvere la Serie A\" | Robert Moreno","og_description":"Robert Moreno analizza in esclusiva per TuttoMercato Web il progetto del Como di Cesc F\u00e0bregas, il suo legame con l'Italia e il lavoro con Tchouam\u00e9ni all'AS Monaco.","og_url":"https:\/\/robert-moreno.es\/it\/robert-moreno-su-tuttomercato-web-il-como-di-cesc-fabregas-sta-facendo-evolvere-la-serie-a-robert-moreno\/","og_site_name":"Robert Moreno - Entrenador de f\u00fatbol","article_published_time":"2026-03-09T12:56:17+00:00","article_modified_time":"2026-03-09T19:48:20+00:00","og_image":[{"width":739,"height":415,"url":"https:\/\/robert-moreno.es\/wp-content\/uploads\/2026\/03\/RobertCescTuttoMercato.webp","type":"image\/webp"}],"author":"Robert Moreno","twitter_card":"summary_large_image","twitter_misc":{"Scritto da":"Robert Moreno","Tempo di lettura stimato":"4 minuti"},"schema":{"@context":"https:\/\/schema.org","@graph":[{"@type":"Article","@id":"https:\/\/robert-moreno.es\/it\/robert-moreno-su-tuttomercato-web-il-como-di-cesc-fabregas-sta-facendo-evolvere-la-serie-a-robert-moreno\/#article","isPartOf":{"@id":"https:\/\/robert-moreno.es\/it\/robert-moreno-su-tuttomercato-web-il-como-di-cesc-fabregas-sta-facendo-evolvere-la-serie-a-robert-moreno\/"},"author":{"name":"Robert Moreno","@id":"https:\/\/robert-moreno.es\/it\/#\/schema\/person\/100bfa4e74aa38c9da58d9b64f1bb691"},"headline":"Robert Moreno su TuttoMercato Web: &#8220;Il Como di Cesc F\u00e0bregas sta facendo evolvere la Serie A&#8221; | Robert Moreno","datePublished":"2026-03-09T12:56:17+00:00","dateModified":"2026-03-09T19:48:20+00:00","mainEntityOfPage":{"@id":"https:\/\/robert-moreno.es\/it\/robert-moreno-su-tuttomercato-web-il-como-di-cesc-fabregas-sta-facendo-evolvere-la-serie-a-robert-moreno\/"},"wordCount":754,"publisher":{"@id":"https:\/\/robert-moreno.es\/it\/#organization"},"image":{"@id":"https:\/\/robert-moreno.es\/it\/robert-moreno-su-tuttomercato-web-il-como-di-cesc-fabregas-sta-facendo-evolvere-la-serie-a-robert-moreno\/#primaryimage"},"thumbnailUrl":"https:\/\/robert-moreno.es\/wp-content\/uploads\/2026\/03\/RobertCescTuttoMercato.webp","articleSection":["Interviste","Stampa"],"inLanguage":"it-IT","copyrightYear":"2026","copyrightHolder":{"@id":"https:\/\/robert-moreno.es\/#organization"}},{"@type":"WebPage","@id":"https:\/\/robert-moreno.es\/it\/robert-moreno-su-tuttomercato-web-il-como-di-cesc-fabregas-sta-facendo-evolvere-la-serie-a-robert-moreno\/","url":"https:\/\/robert-moreno.es\/it\/robert-moreno-su-tuttomercato-web-il-como-di-cesc-fabregas-sta-facendo-evolvere-la-serie-a-robert-moreno\/","name":"Robert Moreno su TuttoMercato Web: \"Il Como di Cesc F\u00e0bregas sta facendo evolvere la Serie A\" | Robert Moreno","isPartOf":{"@id":"https:\/\/robert-moreno.es\/it\/#website"},"primaryImageOfPage":{"@id":"https:\/\/robert-moreno.es\/it\/robert-moreno-su-tuttomercato-web-il-como-di-cesc-fabregas-sta-facendo-evolvere-la-serie-a-robert-moreno\/#primaryimage"},"image":{"@id":"https:\/\/robert-moreno.es\/it\/robert-moreno-su-tuttomercato-web-il-como-di-cesc-fabregas-sta-facendo-evolvere-la-serie-a-robert-moreno\/#primaryimage"},"thumbnailUrl":"https:\/\/robert-moreno.es\/wp-content\/uploads\/2026\/03\/RobertCescTuttoMercato.webp","datePublished":"2026-03-09T12:56:17+00:00","dateModified":"2026-03-09T19:48:20+00:00","description":"Robert Moreno analizza in esclusiva per TuttoMercato Web il progetto del Como di Cesc F\u00e0bregas, il suo legame con l'Italia e il lavoro con Tchouam\u00e9ni all'AS Monaco.","breadcrumb":{"@id":"https:\/\/robert-moreno.es\/it\/robert-moreno-su-tuttomercato-web-il-como-di-cesc-fabregas-sta-facendo-evolvere-la-serie-a-robert-moreno\/#breadcrumb"},"inLanguage":"it-IT","potentialAction":[{"@type":"ReadAction","target":["https:\/\/robert-moreno.es\/it\/robert-moreno-su-tuttomercato-web-il-como-di-cesc-fabregas-sta-facendo-evolvere-la-serie-a-robert-moreno\/"]}]},{"@type":"ImageObject","inLanguage":"it-IT","@id":"https:\/\/robert-moreno.es\/it\/robert-moreno-su-tuttomercato-web-il-como-di-cesc-fabregas-sta-facendo-evolvere-la-serie-a-robert-moreno\/#primaryimage","url":"https:\/\/robert-moreno.es\/wp-content\/uploads\/2026\/03\/RobertCescTuttoMercato.webp","contentUrl":"https:\/\/robert-moreno.es\/wp-content\/uploads\/2026\/03\/RobertCescTuttoMercato.webp","width":739,"height":415},{"@type":"BreadcrumbList","@id":"https:\/\/robert-moreno.es\/it\/robert-moreno-su-tuttomercato-web-il-como-di-cesc-fabregas-sta-facendo-evolvere-la-serie-a-robert-moreno\/#breadcrumb","itemListElement":[{"@type":"ListItem","position":1,"name":"Portada","item":"https:\/\/robert-moreno.es\/it\/home\/"},{"@type":"ListItem","position":2,"name":"Robert Moreno su TuttoMercato Web: \u00abIl Como di Cesc F\u00e0bregas sta facendo evolvere la Serie A\u00bb | Robert Moreno"}]},{"@type":"WebSite","@id":"https:\/\/robert-moreno.es\/it\/#website","url":"https:\/\/robert-moreno.es\/it\/","name":"Robert Moreno - Entrenador de f\u00fatbol","description":"Entrenador de f\u00fatbol","publisher":{"@id":"https:\/\/robert-moreno.es\/it\/#organization"},"potentialAction":[{"@type":"SearchAction","target":{"@type":"EntryPoint","urlTemplate":"https:\/\/robert-moreno.es\/it\/?s={search_term_string}"},"query-input":{"@type":"PropertyValueSpecification","valueRequired":true,"valueName":"search_term_string"}}],"inLanguage":"it-IT"},{"@type":"Person","@id":"https:\/\/robert-moreno.es\/it\/#\/schema\/person\/100bfa4e74aa38c9da58d9b64f1bb691","name":"Robert Moreno","image":{"@type":"ImageObject","inLanguage":"it-IT","@id":"https:\/\/robert-moreno.es\/wp-content\/litespeed\/avatar\/49c4d4a0c545e139d536817316491363.jpg?ver=1788196358","url":"https:\/\/robert-moreno.es\/wp-content\/litespeed\/avatar\/49c4d4a0c545e139d536817316491363.jpg?ver=1788196358","contentUrl":"https:\/\/robert-moreno.es\/wp-content\/litespeed\/avatar\/49c4d4a0c545e139d536817316491363.jpg?ver=1788196358","caption":"Robert Moreno"},"description":"Robert Moreno Gonz\u00e1lez (Barcelona, 1977) es entrenador de f\u00fatbol con licencia UEFA Pro. Ex Seleccionador Nacional de Espa\u00f1a (2019, clasificaci\u00f3n invicta a la Eurocopa 2020) y miembro del cuerpo t\u00e9cnico del FC Barcelona con Luis Enrique (2014-2017): Triplete 2014-15 (Champions League, LaLiga, Copa del Rey) y 9 t\u00edtulos en tres temporadas. T\u00e9cnico principal en AS M\u00f3naco, Granada CF y PFC Sochi (ascenso a la Premier League rusa, 2025). Habla cinco idiomas y ha entrenado en cinco pa\u00edses. Pionero del an\u00e1lisis de v\u00eddeo y scouting digital en Espa\u00f1a. Autor de \u00abMi receta del 4-4-2\u00bb.","sameAs":["https:\/\/robert-moreno.com","https:\/\/www.instagram.com\/robertmoreno\/","https:\/\/www.linkedin.com\/in\/robertmorenocoach\/"],"url":"https:\/\/robert-moreno.es\/it\/author\/robert-moreno\/"},{"@type":"ImageObject","inLanguage":"it-IT","@id":"https:\/\/robert-moreno.es\/it\/robert-moreno-su-tuttomercato-web-il-como-di-cesc-fabregas-sta-facendo-evolvere-la-serie-a-robert-moreno\/#local-main-organization-logo","url":"https:\/\/robert-moreno.es\/wp-content\/uploads\/2026\/02\/LogoRobertMoreno-e1772804580395.jpg","contentUrl":"https:\/\/robert-moreno.es\/wp-content\/uploads\/2026\/02\/LogoRobertMoreno-e1772804580395.jpg","width":800,"height":313,"caption":"Robert Moreno - Entrenador de f\u00fatbol"}]}},"_links":{"self":[{"href":"https:\/\/robert-moreno.es\/it\/wp-json\/wp\/v2\/posts\/10627","targetHints":{"allow":["GET"]}}],"collection":[{"href":"https:\/\/robert-moreno.es\/it\/wp-json\/wp\/v2\/posts"}],"about":[{"href":"https:\/\/robert-moreno.es\/it\/wp-json\/wp\/v2\/types\/post"}],"author":[{"embeddable":true,"href":"https:\/\/robert-moreno.es\/it\/wp-json\/wp\/v2\/users\/1"}],"replies":[{"embeddable":true,"href":"https:\/\/robert-moreno.es\/it\/wp-json\/wp\/v2\/comments?post=10627"}],"version-history":[{"count":1,"href":"https:\/\/robert-moreno.es\/it\/wp-json\/wp\/v2\/posts\/10627\/revisions"}],"predecessor-version":[{"id":10628,"href":"https:\/\/robert-moreno.es\/it\/wp-json\/wp\/v2\/posts\/10627\/revisions\/10628"}],"wp:featuredmedia":[{"embeddable":true,"href":"https:\/\/robert-moreno.es\/it\/wp-json\/wp\/v2\/media\/10626"}],"wp:attachment":[{"href":"https:\/\/robert-moreno.es\/it\/wp-json\/wp\/v2\/media?parent=10627"}],"wp:term":[{"taxonomy":"category","embeddable":true,"href":"https:\/\/robert-moreno.es\/it\/wp-json\/wp\/v2\/categories?post=10627"},{"taxonomy":"post_tag","embeddable":true,"href":"https:\/\/robert-moreno.es\/it\/wp-json\/wp\/v2\/tags?post=10627"}],"curies":[{"name":"wp","href":"https:\/\/api.w.org\/{rel}","templated":true}]}}