{"id":10456,"date":"2026-02-26T20:59:21","date_gmt":"2026-02-26T19:59:21","guid":{"rendered":"https:\/\/robert-moreno.es\/robert-moreno-nuovo-allenatore-del-granada-cf\/"},"modified":"2026-03-09T21:11:37","modified_gmt":"2026-03-09T20:11:37","slug":"robert-moreno-nuovo-allenatore-del-granada-cf","status":"publish","type":"post","link":"https:\/\/robert-moreno.es\/it\/robert-moreno-nuovo-allenatore-del-granada-cf\/","title":{"rendered":"Robert Moreno, nuovo allenatore del Granada CF"},"content":{"rendered":"\n<p>Robert Moreno firma per due stagioni con il <strong>Granada CF<\/strong>, assumendo la sfida di allenare in LaLiga\n Santander dopo la sua esperienza all&#8217;AS Monaco della Ligue 1 francese.<\/p>\n\n<p>L&#8217;allenatore catalano \u00e8 stato presentato ufficialmente il 18 giugno 2021 come nuovo tecnico della\n squadra nazar\u00ed. Moreno \u00e8 arrivato con l&#8217;ambizione di imprimere il suo sigillo tattico e costruire\n una squadra competitiva che riflettesse i valori del calcio associativo. <\/p>\n\n<p>Con questa incorporazione, il Granada CF ha puntato su un allenatore con esperienza internazionale al\n pi\u00f9 alto livello: 8 titoli con il FC Barcelona come parte dello staff di Luis Enrique e la\n direzione della Nazionale Spagnola.<\/p>\n\n<h3>Copertura mediatica<\/h3>\n<ul>\n    <li><a href=\"https:\/\/www.lesportiudecatalunya.cat\/futbol\/article\/2108776-el-granada-acomiada-robert-moreno.html\" target=\"_blank\" rel=\"noopener\">L&#8217;Esportiu de Catalunya \u2014 Robert Moreno al Granada CF<\/a><\/li>\n<\/ul>\n\n<p><a href=\"https:\/\/robert-moreno.es\/prensa-3\/\">\u2190 Torna alla Sala Stampa<\/a><\/p>\n","protected":false},"excerpt":{"rendered":"<p>Robert Moreno firma per due stagioni con il Granada CF, assumendo la sfida di allenare in LaLiga Santander dopo la sua esperienza all&#8217;AS Monaco della Ligue 1 francese. L&#8217;allenatore catalano \u00e8 stato presentato ufficialmente il 18 giugno 2021 come nuovo tecnico della squadra nazar\u00ed. Moreno \u00e8 arrivato con l&#8217;ambizione di imprimere il suo sigillo tattico [&hellip;]<\/p>\n","protected":false},"author":1,"featured_media":10457,"comment_status":"closed","ping_status":"closed","sticky":false,"template":"","format":"standard","meta":{"_angie_page":false,"page_builder":"","footnotes":""},"categories":[89,75],"tags":[],"class_list":["post-10456","post","type-post","status-publish","format-standard","has-post-thumbnail","hentry","category-notizie","category-stampa"],"_links":{"self":[{"href":"https:\/\/robert-moreno.es\/it\/wp-json\/wp\/v2\/posts\/10456","targetHints":{"allow":["GET"]}}],"collection":[{"href":"https:\/\/robert-moreno.es\/it\/wp-json\/wp\/v2\/posts"}],"about":[{"href":"https:\/\/robert-moreno.es\/it\/wp-json\/wp\/v2\/types\/post"}],"author":[{"embeddable":true,"href":"https:\/\/robert-moreno.es\/it\/wp-json\/wp\/v2\/users\/1"}],"replies":[{"embeddable":true,"href":"https:\/\/robert-moreno.es\/it\/wp-json\/wp\/v2\/comments?post=10456"}],"version-history":[{"count":1,"href":"https:\/\/robert-moreno.es\/it\/wp-json\/wp\/v2\/posts\/10456\/revisions"}],"predecessor-version":[{"id":10458,"href":"https:\/\/robert-moreno.es\/it\/wp-json\/wp\/v2\/posts\/10456\/revisions\/10458"}],"wp:featuredmedia":[{"embeddable":true,"href":"https:\/\/robert-moreno.es\/it\/wp-json\/wp\/v2\/media\/10457"}],"wp:attachment":[{"href":"https:\/\/robert-moreno.es\/it\/wp-json\/wp\/v2\/media?parent=10456"}],"wp:term":[{"taxonomy":"category","embeddable":true,"href":"https:\/\/robert-moreno.es\/it\/wp-json\/wp\/v2\/categories?post=10456"},{"taxonomy":"post_tag","embeddable":true,"href":"https:\/\/robert-moreno.es\/it\/wp-json\/wp\/v2\/tags?post=10456"}],"curies":[{"name":"wp","href":"https:\/\/api.w.org\/{rel}","templated":true}]}}