{"id":11374,"date":"2026-09-03T08:34:36","date_gmt":"2026-09-03T06:34:36","guid":{"rendered":"https:\/\/robert-moreno.es\/communique-robert-moreno-selectionneur-coree-du-sud\/"},"modified":"2026-09-03T08:38:07","modified_gmt":"2026-09-03T06:38:07","slug":"communique-robert-moreno-selectionneur-coree-du-sud","status":"publish","type":"post","link":"https:\/\/robert-moreno.es\/fr\/communique-robert-moreno-selectionneur-coree-du-sud\/","title":{"rendered":"Robert Moreno, s\u00e9lectionneur de la Cor\u00e9e du Sud"},"content":{"rendered":"\n<p style=\"color:#ccc;font-size:1.05rem;line-height:1.7;\"><strong style=\"color:#fff;\">La F\u00e9d\u00e9ration cor\u00e9enne de football a annonc\u00e9 le 1er septembre la nomination de Robert Moreno au poste de s\u00e9lectionneur de la Cor\u00e9e du Sud. Il dirigera la s\u00e9lection nationale lors de six matches, jusqu&rsquo;au 27 novembre.<\/strong><\/p>\n\n<p>Le conseil de la F\u00e9d\u00e9ration cor\u00e9enne de football (KFA) a approuv\u00e9 le 1er septembre, au Korea Football Park de Cheonan, la nomination de Robert Moreno comme s\u00e9lectionneur de la Cor\u00e9e du Sud. Le mandat porte sur six matches internationaux &mdash; deux en septembre, deux en octobre et deux en novembre &mdash; et court jusqu&rsquo;au 27 novembre 2026.<\/p>\n\n<p>Moreno est le premier entra\u00eeneur espagnol \u00e0 diriger la s\u00e9lection A cor\u00e9enne, et le premier d\u00e9sign\u00e9 par appel public ouvert dans l&rsquo;histoire de la f\u00e9d\u00e9ration : un processus auquel il s&rsquo;est pr\u00e9sent\u00e9 avec d&rsquo;autres candidats, tranch\u00e9 apr\u00e8s une phase sur dossier et un entretien.<\/p>\n\n<p>Il est accompagn\u00e9 d&rsquo;<strong>Eduardo Docampo<\/strong> comme premier adjoint, <strong>Jacint Magriny\u00e0<\/strong> \u00e0 l&rsquo;analyse et \u00e0 la m\u00e9thodologie, <strong>V\u00edctor Bravo de Soto<\/strong> \u00e0 la tactique, <strong>Javier Chocarro<\/strong> \u00e0 la pr\u00e9paration physique et <strong>Nico Bosch<\/strong> comme entra\u00eeneur des gardiens. Le staff s&rsquo;installe \u00e0 Cheonan et suivra la K League sur place.<\/p>\n\n<p>La premi\u00e8re \u00e9ch\u00e9ance est la Hana Bank Invitational, avec <strong>l&rsquo;\u00c9quateur le 24 septembre<\/strong> et <strong>l&rsquo;Uruguay le 28<\/strong>, tous deux \u00e0 domicile. En octobre, <strong>le Venezuela le 2<\/strong> et <strong>l&rsquo;Ouzb\u00e9kistan le 6<\/strong>. Les deux rencontres de novembre se joueront entre le 9 et le 17.<\/p>\n\n<blockquote style=\"border-left:4px solid #D4AF37;padding:20px 26px;margin:32px 0;background:rgba(212,175,55,.06);\"><p style=\"font-style:italic;color:#e8e8e8;margin:0;\">&laquo;C&rsquo;est un honneur et c&rsquo;est une responsabilit\u00e9. Je connais et je respecte le football cor\u00e9en depuis des ann\u00e9es, et mon travail est d\u00e9sormais de le servir. Je ne promettrai pas de r\u00e9sultats : je promets du travail, de l&rsquo;honn\u00eatet\u00e9 et du respect. Ce que nous aurons \u00e0 dire, nous le dirons sur le terrain.&raquo;<\/p><\/blockquote>\n\n<p>Robert Moreno s&rsquo;exprimera devant les m\u00e9dias lors de sa pr\u00e9sentation officielle en Cor\u00e9e du Sud. Il n&rsquo;accordera pas d&rsquo;entretien d&rsquo;ici l\u00e0.<\/p>\n\n<hr style=\"border:0;border-top:1px solid #2a2a2a;margin:36px 0 20px;\">\n<p style=\"font-size:.85rem;color:#888;\">Contact presse: <a href=\"mailto:media@robert-moreno.com\" style=\"color:#D4AF37;\">media@robert-moreno.com<\/a><\/p>\n","protected":false},"excerpt":{"rendered":"<p>La F\u00e9d\u00e9ration cor\u00e9enne de football a annonc\u00e9 sa nomination le 1er septembre. Il dirigera la s\u00e9lection nationale lors de six matches, jusqu&rsquo;au 27 novembre.<\/p>\n","protected":false},"author":1,"featured_media":11368,"comment_status":"closed","ping_status":"closed","sticky":false,"template":"","format":"standard","meta":{"page_builder":"","footnotes":""},"categories":[71,81,25,20,51],"tags":[],"class_list":["post-11374","post","type-post","status-publish","format-standard","has-post-thumbnail","hentry","category-a-la-une","category-communiques","category-comunicados","category-sala-prensa","category-presse"],"yoast_head":"<!-- This site is optimized with the Yoast SEO Premium plugin v28.4 (Yoast SEO v28.4) - https:\/\/yoast.com\/product\/yoast-seo-premium-wordpress\/ -->\n<title>Robert Moreno, s\u00e9lectionneur de la Cor\u00e9e du Sud | Communiqu\u00e9<\/title>\n<meta name=\"description\" content=\"La KFA a annonc\u00e9 le 1er septembre la nomination de Robert Moreno comme s\u00e9lectionneur de la Cor\u00e9e du Sud : six matches jusqu&#039;au 27 novembre 2026.\" \/>\n<meta name=\"robots\" content=\"index, follow, max-snippet:-1, max-image-preview:large, max-video-preview:-1\" \/>\n<link rel=\"canonical\" href=\"https:\/\/robert-moreno.es\/fr\/communique-robert-moreno-selectionneur-coree-du-sud\/\" \/>\n<meta property=\"og:locale\" content=\"fr_FR\" \/>\n<meta property=\"og:type\" content=\"article\" \/>\n<meta property=\"og:title\" content=\"Robert Moreno, s\u00e9lectionneur de la Cor\u00e9e du Sud\" \/>\n<meta property=\"og:description\" content=\"La KFA a annonc\u00e9 le 1er septembre la nomination de Robert Moreno comme s\u00e9lectionneur de la Cor\u00e9e du Sud : six matches jusqu&#039;au 27 novembre 2026.\" \/>\n<meta property=\"og:url\" content=\"https:\/\/robert-moreno.es\/fr\/communique-robert-moreno-selectionneur-coree-du-sud\/\" \/>\n<meta property=\"og:site_name\" content=\"Robert Moreno - Entrenador de f\u00fatbol\" \/>\n<meta property=\"article:published_time\" content=\"2026-09-03T06:34:36+00:00\" \/>\n<meta property=\"article:modified_time\" content=\"2026-09-03T06:38:07+00:00\" \/>\n<meta property=\"og:image\" content=\"https:\/\/robert-moreno.es\/wp-content\/uploads\/2026\/09\/robert-moreno-seleccionador-corea-2026.webp\" \/>\n\t<meta property=\"og:image:width\" content=\"1200\" \/>\n\t<meta property=\"og:image:height\" content=\"630\" \/>\n\t<meta property=\"og:image:type\" content=\"image\/webp\" \/>\n<meta name=\"author\" content=\"Robert Moreno\" \/>\n<meta name=\"twitter:card\" content=\"summary_large_image\" \/>\n<meta name=\"twitter:label1\" content=\"\u00c9crit par\" \/>\n\t<meta name=\"twitter:data1\" content=\"Robert Moreno\" \/>\n\t<meta name=\"twitter:label2\" content=\"Dur\u00e9e de lecture estim\u00e9e\" \/>\n\t<meta name=\"twitter:data2\" content=\"2 minutes\" \/>\n<script type=\"application\/ld+json\" class=\"yoast-schema-graph\">{\"@context\":\"https:\\\/\\\/schema.org\",\"@graph\":[{\"@type\":\"Article\",\"@id\":\"https:\\\/\\\/robert-moreno.es\\\/fr\\\/communique-robert-moreno-selectionneur-coree-du-sud\\\/#article\",\"isPartOf\":{\"@id\":\"https:\\\/\\\/robert-moreno.es\\\/fr\\\/communique-robert-moreno-selectionneur-coree-du-sud\\\/\"},\"author\":{\"name\":\"Robert Moreno\",\"@id\":\"https:\\\/\\\/robert-moreno.es\\\/fr\\\/#\\\/schema\\\/person\\\/100bfa4e74aa38c9da58d9b64f1bb691\"},\"headline\":\"Robert Moreno, s\u00e9lectionneur de la Cor\u00e9e du Sud\",\"datePublished\":\"2026-09-03T06:34:36+00:00\",\"dateModified\":\"2026-09-03T06:38:07+00:00\",\"mainEntityOfPage\":{\"@id\":\"https:\\\/\\\/robert-moreno.es\\\/fr\\\/communique-robert-moreno-selectionneur-coree-du-sud\\\/\"},\"wordCount\":354,\"publisher\":{\"@id\":\"https:\\\/\\\/robert-moreno.es\\\/fr\\\/#organization\"},\"image\":{\"@id\":\"https:\\\/\\\/robert-moreno.es\\\/fr\\\/communique-robert-moreno-selectionneur-coree-du-sud\\\/#primaryimage\"},\"thumbnailUrl\":\"https:\\\/\\\/robert-moreno.es\\\/wp-content\\\/uploads\\\/2026\\\/09\\\/robert-moreno-seleccionador-corea-2026.webp\",\"articleSection\":[\"\u00c0 la une\",\"Communiqu\u00e9s\",\"Comunicados\",\"Prensa\",\"Presse\"],\"inLanguage\":\"fr-FR\",\"copyrightYear\":\"2026\",\"copyrightHolder\":{\"@id\":\"https:\\\/\\\/robert-moreno.es\\\/#organization\"}},{\"@type\":\"WebPage\",\"@id\":\"https:\\\/\\\/robert-moreno.es\\\/fr\\\/communique-robert-moreno-selectionneur-coree-du-sud\\\/\",\"url\":\"https:\\\/\\\/robert-moreno.es\\\/fr\\\/communique-robert-moreno-selectionneur-coree-du-sud\\\/\",\"name\":\"Robert Moreno, s\u00e9lectionneur de la Cor\u00e9e du Sud | Communiqu\u00e9\",\"isPartOf\":{\"@id\":\"https:\\\/\\\/robert-moreno.es\\\/fr\\\/#website\"},\"primaryImageOfPage\":{\"@id\":\"https:\\\/\\\/robert-moreno.es\\\/fr\\\/communique-robert-moreno-selectionneur-coree-du-sud\\\/#primaryimage\"},\"image\":{\"@id\":\"https:\\\/\\\/robert-moreno.es\\\/fr\\\/communique-robert-moreno-selectionneur-coree-du-sud\\\/#primaryimage\"},\"thumbnailUrl\":\"https:\\\/\\\/robert-moreno.es\\\/wp-content\\\/uploads\\\/2026\\\/09\\\/robert-moreno-seleccionador-corea-2026.webp\",\"datePublished\":\"2026-09-03T06:34:36+00:00\",\"dateModified\":\"2026-09-03T06:38:07+00:00\",\"description\":\"La KFA a annonc\u00e9 le 1er septembre la nomination de Robert Moreno comme s\u00e9lectionneur de la Cor\u00e9e du Sud : six matches jusqu'au 27 novembre 2026.\",\"breadcrumb\":{\"@id\":\"https:\\\/\\\/robert-moreno.es\\\/fr\\\/communique-robert-moreno-selectionneur-coree-du-sud\\\/#breadcrumb\"},\"inLanguage\":\"fr-FR\",\"potentialAction\":[{\"@type\":\"ReadAction\",\"target\":[\"https:\\\/\\\/robert-moreno.es\\\/fr\\\/communique-robert-moreno-selectionneur-coree-du-sud\\\/\"]}]},{\"@type\":\"ImageObject\",\"inLanguage\":\"fr-FR\",\"@id\":\"https:\\\/\\\/robert-moreno.es\\\/fr\\\/communique-robert-moreno-selectionneur-coree-du-sud\\\/#primaryimage\",\"url\":\"https:\\\/\\\/robert-moreno.es\\\/wp-content\\\/uploads\\\/2026\\\/09\\\/robert-moreno-seleccionador-corea-2026.webp\",\"contentUrl\":\"https:\\\/\\\/robert-moreno.es\\\/wp-content\\\/uploads\\\/2026\\\/09\\\/robert-moreno-seleccionador-corea-2026.webp\",\"width\":1200,\"height\":630,\"caption\":\"Robert Moreno, seleccionador de Corea del Sur\"},{\"@type\":\"BreadcrumbList\",\"@id\":\"https:\\\/\\\/robert-moreno.es\\\/fr\\\/communique-robert-moreno-selectionneur-coree-du-sud\\\/#breadcrumb\",\"itemListElement\":[{\"@type\":\"ListItem\",\"position\":1,\"name\":\"Portada\",\"item\":\"https:\\\/\\\/robert-moreno.es\\\/fr\\\/\"},{\"@type\":\"ListItem\",\"position\":2,\"name\":\"Robert Moreno, s\u00e9lectionneur de la Cor\u00e9e du Sud\"}]},{\"@type\":\"WebSite\",\"@id\":\"https:\\\/\\\/robert-moreno.es\\\/fr\\\/#website\",\"url\":\"https:\\\/\\\/robert-moreno.es\\\/fr\\\/\",\"name\":\"Robert Moreno - Entrenador de f\u00fatbol\",\"description\":\"Entrenador de f\u00fatbol\",\"publisher\":{\"@id\":\"https:\\\/\\\/robert-moreno.es\\\/fr\\\/#organization\"},\"potentialAction\":[{\"@type\":\"SearchAction\",\"target\":{\"@type\":\"EntryPoint\",\"urlTemplate\":\"https:\\\/\\\/robert-moreno.es\\\/fr\\\/?s={search_term_string}\"},\"query-input\":{\"@type\":\"PropertyValueSpecification\",\"valueRequired\":true,\"valueName\":\"search_term_string\"}}],\"inLanguage\":\"fr-FR\"},{\"@type\":\"Person\",\"@id\":\"https:\\\/\\\/robert-moreno.es\\\/fr\\\/#\\\/schema\\\/person\\\/100bfa4e74aa38c9da58d9b64f1bb691\",\"name\":\"Robert Moreno\",\"image\":{\"@type\":\"ImageObject\",\"inLanguage\":\"fr-FR\",\"@id\":\"https:\\\/\\\/robert-moreno.es\\\/wp-content\\\/litespeed\\\/avatar\\\/49c4d4a0c545e139d536817316491363.jpg?ver=1788196358\",\"url\":\"https:\\\/\\\/robert-moreno.es\\\/wp-content\\\/litespeed\\\/avatar\\\/49c4d4a0c545e139d536817316491363.jpg?ver=1788196358\",\"contentUrl\":\"https:\\\/\\\/robert-moreno.es\\\/wp-content\\\/litespeed\\\/avatar\\\/49c4d4a0c545e139d536817316491363.jpg?ver=1788196358\",\"caption\":\"Robert Moreno\"},\"description\":\"Robert Moreno Gonz\u00e1lez (Barcelona, 1977) es entrenador de f\u00fatbol con licencia UEFA Pro. Ex Seleccionador Nacional de Espa\u00f1a (2019, clasificaci\u00f3n invicta a la Eurocopa 2020) y miembro del cuerpo t\u00e9cnico del FC Barcelona con Luis Enrique (2014-2017): Triplete 2014-15 (Champions League, LaLiga, Copa del Rey) y 9 t\u00edtulos en tres temporadas. T\u00e9cnico principal en AS M\u00f3naco, Granada CF y PFC Sochi (ascenso a la Premier League rusa, 2025). Habla cinco idiomas y ha entrenado en cinco pa\u00edses. Pionero del an\u00e1lisis de v\u00eddeo y scouting digital en Espa\u00f1a. Autor de \u00abMi receta del 4-4-2\u00bb.\",\"sameAs\":[\"https:\\\/\\\/robert-moreno.com\",\"https:\\\/\\\/www.instagram.com\\\/robertmoreno\\\/\",\"https:\\\/\\\/www.linkedin.com\\\/in\\\/robertmorenocoach\\\/\"],\"url\":\"https:\\\/\\\/robert-moreno.es\\\/fr\\\/author\\\/robert-moreno\\\/\"},{\"@type\":\"ImageObject\",\"inLanguage\":\"fr-FR\",\"@id\":\"https:\\\/\\\/robert-moreno.es\\\/fr\\\/communique-robert-moreno-selectionneur-coree-du-sud\\\/#local-main-organization-logo\",\"url\":\"https:\\\/\\\/robert-moreno.es\\\/wp-content\\\/uploads\\\/2026\\\/02\\\/LogoRobertMoreno-e1772804580395.jpg\",\"contentUrl\":\"https:\\\/\\\/robert-moreno.es\\\/wp-content\\\/uploads\\\/2026\\\/02\\\/LogoRobertMoreno-e1772804580395.jpg\",\"width\":800,\"height\":313,\"caption\":\"Robert Moreno - Entrenador de f\u00fatbol\"}]}<\/script>\n<!-- \/ Yoast SEO Premium plugin. -->","yoast_head_json":{"title":"Robert Moreno, s\u00e9lectionneur de la Cor\u00e9e du Sud | Communiqu\u00e9","description":"La KFA a annonc\u00e9 le 1er septembre la nomination de Robert Moreno comme s\u00e9lectionneur de la Cor\u00e9e du Sud : six matches jusqu'au 27 novembre 2026.","robots":{"index":"index","follow":"follow","max-snippet":"max-snippet:-1","max-image-preview":"max-image-preview:large","max-video-preview":"max-video-preview:-1"},"canonical":"https:\/\/robert-moreno.es\/fr\/communique-robert-moreno-selectionneur-coree-du-sud\/","og_locale":"fr_FR","og_type":"article","og_title":"Robert Moreno, s\u00e9lectionneur de la Cor\u00e9e du Sud","og_description":"La KFA a annonc\u00e9 le 1er septembre la nomination de Robert Moreno comme s\u00e9lectionneur de la Cor\u00e9e du Sud : six matches jusqu'au 27 novembre 2026.","og_url":"https:\/\/robert-moreno.es\/fr\/communique-robert-moreno-selectionneur-coree-du-sud\/","og_site_name":"Robert Moreno - Entrenador de f\u00fatbol","article_published_time":"2026-09-03T06:34:36+00:00","article_modified_time":"2026-09-03T06:38:07+00:00","og_image":[{"width":1200,"height":630,"url":"https:\/\/robert-moreno.es\/wp-content\/uploads\/2026\/09\/robert-moreno-seleccionador-corea-2026.webp","type":"image\/webp"}],"author":"Robert Moreno","twitter_card":"summary_large_image","twitter_misc":{"\u00c9crit par":"Robert Moreno","Dur\u00e9e de lecture estim\u00e9e":"2 minutes"},"schema":{"@context":"https:\/\/schema.org","@graph":[{"@type":"Article","@id":"https:\/\/robert-moreno.es\/fr\/communique-robert-moreno-selectionneur-coree-du-sud\/#article","isPartOf":{"@id":"https:\/\/robert-moreno.es\/fr\/communique-robert-moreno-selectionneur-coree-du-sud\/"},"author":{"name":"Robert Moreno","@id":"https:\/\/robert-moreno.es\/fr\/#\/schema\/person\/100bfa4e74aa38c9da58d9b64f1bb691"},"headline":"Robert Moreno, s\u00e9lectionneur de la Cor\u00e9e du Sud","datePublished":"2026-09-03T06:34:36+00:00","dateModified":"2026-09-03T06:38:07+00:00","mainEntityOfPage":{"@id":"https:\/\/robert-moreno.es\/fr\/communique-robert-moreno-selectionneur-coree-du-sud\/"},"wordCount":354,"publisher":{"@id":"https:\/\/robert-moreno.es\/fr\/#organization"},"image":{"@id":"https:\/\/robert-moreno.es\/fr\/communique-robert-moreno-selectionneur-coree-du-sud\/#primaryimage"},"thumbnailUrl":"https:\/\/robert-moreno.es\/wp-content\/uploads\/2026\/09\/robert-moreno-seleccionador-corea-2026.webp","articleSection":["\u00c0 la une","Communiqu\u00e9s","Comunicados","Prensa","Presse"],"inLanguage":"fr-FR","copyrightYear":"2026","copyrightHolder":{"@id":"https:\/\/robert-moreno.es\/#organization"}},{"@type":"WebPage","@id":"https:\/\/robert-moreno.es\/fr\/communique-robert-moreno-selectionneur-coree-du-sud\/","url":"https:\/\/robert-moreno.es\/fr\/communique-robert-moreno-selectionneur-coree-du-sud\/","name":"Robert Moreno, s\u00e9lectionneur de la Cor\u00e9e du Sud | Communiqu\u00e9","isPartOf":{"@id":"https:\/\/robert-moreno.es\/fr\/#website"},"primaryImageOfPage":{"@id":"https:\/\/robert-moreno.es\/fr\/communique-robert-moreno-selectionneur-coree-du-sud\/#primaryimage"},"image":{"@id":"https:\/\/robert-moreno.es\/fr\/communique-robert-moreno-selectionneur-coree-du-sud\/#primaryimage"},"thumbnailUrl":"https:\/\/robert-moreno.es\/wp-content\/uploads\/2026\/09\/robert-moreno-seleccionador-corea-2026.webp","datePublished":"2026-09-03T06:34:36+00:00","dateModified":"2026-09-03T06:38:07+00:00","description":"La KFA a annonc\u00e9 le 1er septembre la nomination de Robert Moreno comme s\u00e9lectionneur de la Cor\u00e9e du Sud : six matches jusqu'au 27 novembre 2026.","breadcrumb":{"@id":"https:\/\/robert-moreno.es\/fr\/communique-robert-moreno-selectionneur-coree-du-sud\/#breadcrumb"},"inLanguage":"fr-FR","potentialAction":[{"@type":"ReadAction","target":["https:\/\/robert-moreno.es\/fr\/communique-robert-moreno-selectionneur-coree-du-sud\/"]}]},{"@type":"ImageObject","inLanguage":"fr-FR","@id":"https:\/\/robert-moreno.es\/fr\/communique-robert-moreno-selectionneur-coree-du-sud\/#primaryimage","url":"https:\/\/robert-moreno.es\/wp-content\/uploads\/2026\/09\/robert-moreno-seleccionador-corea-2026.webp","contentUrl":"https:\/\/robert-moreno.es\/wp-content\/uploads\/2026\/09\/robert-moreno-seleccionador-corea-2026.webp","width":1200,"height":630,"caption":"Robert Moreno, seleccionador de Corea del Sur"},{"@type":"BreadcrumbList","@id":"https:\/\/robert-moreno.es\/fr\/communique-robert-moreno-selectionneur-coree-du-sud\/#breadcrumb","itemListElement":[{"@type":"ListItem","position":1,"name":"Portada","item":"https:\/\/robert-moreno.es\/fr\/"},{"@type":"ListItem","position":2,"name":"Robert Moreno, s\u00e9lectionneur de la Cor\u00e9e du Sud"}]},{"@type":"WebSite","@id":"https:\/\/robert-moreno.es\/fr\/#website","url":"https:\/\/robert-moreno.es\/fr\/","name":"Robert Moreno - Entrenador de f\u00fatbol","description":"Entrenador de f\u00fatbol","publisher":{"@id":"https:\/\/robert-moreno.es\/fr\/#organization"},"potentialAction":[{"@type":"SearchAction","target":{"@type":"EntryPoint","urlTemplate":"https:\/\/robert-moreno.es\/fr\/?s={search_term_string}"},"query-input":{"@type":"PropertyValueSpecification","valueRequired":true,"valueName":"search_term_string"}}],"inLanguage":"fr-FR"},{"@type":"Person","@id":"https:\/\/robert-moreno.es\/fr\/#\/schema\/person\/100bfa4e74aa38c9da58d9b64f1bb691","name":"Robert Moreno","image":{"@type":"ImageObject","inLanguage":"fr-FR","@id":"https:\/\/robert-moreno.es\/wp-content\/litespeed\/avatar\/49c4d4a0c545e139d536817316491363.jpg?ver=1788196358","url":"https:\/\/robert-moreno.es\/wp-content\/litespeed\/avatar\/49c4d4a0c545e139d536817316491363.jpg?ver=1788196358","contentUrl":"https:\/\/robert-moreno.es\/wp-content\/litespeed\/avatar\/49c4d4a0c545e139d536817316491363.jpg?ver=1788196358","caption":"Robert Moreno"},"description":"Robert Moreno Gonz\u00e1lez (Barcelona, 1977) es entrenador de f\u00fatbol con licencia UEFA Pro. Ex Seleccionador Nacional de Espa\u00f1a (2019, clasificaci\u00f3n invicta a la Eurocopa 2020) y miembro del cuerpo t\u00e9cnico del FC Barcelona con Luis Enrique (2014-2017): Triplete 2014-15 (Champions League, LaLiga, Copa del Rey) y 9 t\u00edtulos en tres temporadas. T\u00e9cnico principal en AS M\u00f3naco, Granada CF y PFC Sochi (ascenso a la Premier League rusa, 2025). Habla cinco idiomas y ha entrenado en cinco pa\u00edses. Pionero del an\u00e1lisis de v\u00eddeo y scouting digital en Espa\u00f1a. Autor de \u00abMi receta del 4-4-2\u00bb.","sameAs":["https:\/\/robert-moreno.com","https:\/\/www.instagram.com\/robertmoreno\/","https:\/\/www.linkedin.com\/in\/robertmorenocoach\/"],"url":"https:\/\/robert-moreno.es\/fr\/author\/robert-moreno\/"},{"@type":"ImageObject","inLanguage":"fr-FR","@id":"https:\/\/robert-moreno.es\/fr\/communique-robert-moreno-selectionneur-coree-du-sud\/#local-main-organization-logo","url":"https:\/\/robert-moreno.es\/wp-content\/uploads\/2026\/02\/LogoRobertMoreno-e1772804580395.jpg","contentUrl":"https:\/\/robert-moreno.es\/wp-content\/uploads\/2026\/02\/LogoRobertMoreno-e1772804580395.jpg","width":800,"height":313,"caption":"Robert Moreno - Entrenador de f\u00fatbol"}]}},"_links":{"self":[{"href":"https:\/\/robert-moreno.es\/fr\/wp-json\/wp\/v2\/posts\/11374","targetHints":{"allow":["GET"]}}],"collection":[{"href":"https:\/\/robert-moreno.es\/fr\/wp-json\/wp\/v2\/posts"}],"about":[{"href":"https:\/\/robert-moreno.es\/fr\/wp-json\/wp\/v2\/types\/post"}],"author":[{"embeddable":true,"href":"https:\/\/robert-moreno.es\/fr\/wp-json\/wp\/v2\/users\/1"}],"replies":[{"embeddable":true,"href":"https:\/\/robert-moreno.es\/fr\/wp-json\/wp\/v2\/comments?post=11374"}],"version-history":[{"count":0,"href":"https:\/\/robert-moreno.es\/fr\/wp-json\/wp\/v2\/posts\/11374\/revisions"}],"wp:featuredmedia":[{"embeddable":true,"href":"https:\/\/robert-moreno.es\/fr\/wp-json\/wp\/v2\/media\/11368"}],"wp:attachment":[{"href":"https:\/\/robert-moreno.es\/fr\/wp-json\/wp\/v2\/media?parent=11374"}],"wp:term":[{"taxonomy":"category","embeddable":true,"href":"https:\/\/robert-moreno.es\/fr\/wp-json\/wp\/v2\/categories?post=11374"},{"taxonomy":"post_tag","embeddable":true,"href":"https:\/\/robert-moreno.es\/fr\/wp-json\/wp\/v2\/tags?post=11374"}],"curies":[{"name":"wp","href":"https:\/\/api.w.org\/{rel}","templated":true}]}}