{"id":11079,"date":"2026-03-15T20:43:05","date_gmt":"2026-03-15T19:43:05","guid":{"rendered":"https:\/\/robert-moreno.es\/?p=11079"},"modified":"2026-07-06T08:26:43","modified_gmt":"2026-07-06T06:26:43","slug":"robert-moreno-dans-el-camino-de-mario-le-recit-est-plus-fort-que-la-verite","status":"publish","type":"post","link":"https:\/\/robert-moreno.es\/fr\/robert-moreno-dans-el-camino-de-mario-le-recit-est-plus-fort-que-la-verite\/","title":{"rendered":"Robert Moreno dans El Camino de Mario : \u00ab Le r\u00e9cit est plus fort que la v\u00e9rit\u00e9 \u00bb"},"content":{"rendered":"<p><!-- Schema.org Article (JSON-LD) --><br \/>\n<script type=\"application\/ld+json\">\n{\n  \"@context\": \"https:\/\/schema.org\",\n  \"@type\": \"Article\",\n  \"headline\": \"Robert Moreno sur El Camino de Mario : \u00ab Le r\u00e9cit est bien plus fort que la v\u00e9rit\u00e9 \u00bb\",\n  \"description\": \"Robert Moreno s'assoit avec Mario Su\u00e1rez dans son podcast El Camino de Mario pour l'interview la plus personnelle de sa carri\u00e8re : origines, gestion de vestiaires d'\u00e9lite, le tsunami m\u00e9diatique de la S\u00e9lection et sa passion in\u00e9branlable pour entra\u00eener.\",\n  \"author\": {\n    \"@type\": \"Person\",\n    \"name\": \"Robert Moreno\",\n    \"url\": \"https:\/\/robert-moreno.es\/fr\/a-propos\/\",\n    \"jobTitle\": \"Entra\u00eeneur de football professionnel\",\n    \"sameAs\": [\n      \"https:\/\/www.instagram.com\/robertmoreno\/\",\n      \"https:\/\/fr.wikipedia.org\/wiki\/Robert_Moreno\"\n    ]\n  },\n  \"publisher\": {\n    \"@type\": \"Organization\",\n    \"name\": \"Robert Moreno - Site Officiel\",\n    \"url\": \"https:\/\/robert-moreno.es\",\n    \"logo\": {\n      \"@type\": \"ImageObject\",\n      \"url\": \"https:\/\/robert-moreno.es\/wp-content\/uploads\/logo-rm.png\"\n    }\n  },\n  \"datePublished\": \"2026-03-15\",\n  \"dateModified\": \"2026-03-15\",\n  \"mainEntityOfPage\": \"https:\/\/robert-moreno.es\/fr\/interview-mario-suarez-podcast\/\",\n  \"image\": \"https:\/\/robert-moreno.es\/wp-content\/uploads\/mario-suarez-podcast-featured.jpg\",\n  \"keywords\": [\"Robert Moreno\", \"Mario Su\u00e1rez\", \"El Camino de Mario\", \"podcast\", \"entra\u00eeneur\", \"S\u00e9lection espagnole\", \"FC Barcelone\", \"leadership\", \"marque personnelle\"],\n  \"articleSection\": \"Salle de Presse\",\n  \"wordCount\": 850,\n  \"inLanguage\": \"fr\",\n  \"mentions\": [\n    {\n      \"@type\": \"Person\",\n      \"name\": \"Mario Su\u00e1rez\",\n      \"url\": \"https:\/\/fr.wikipedia.org\/wiki\/Mario_Su%C3%A1rez_(footballeur)\"\n    },\n    {\n      \"@type\": \"Person\",\n      \"name\": \"Lionel Messi\",\n      \"url\": \"https:\/\/fr.wikipedia.org\/wiki\/Lionel_Messi\"\n    },\n    {\n      \"@type\": \"Person\",\n      \"name\": \"Cesc F\u00e0bregas\",\n      \"url\": \"https:\/\/fr.wikipedia.org\/wiki\/Cesc_F%C3%A0bregas\"\n    },\n    {\n      \"@type\": \"Person\",\n      \"name\": \"Francesco Totti\",\n      \"url\": \"https:\/\/fr.wikipedia.org\/wiki\/Francesco_Totti\"\n    },\n    {\n      \"@type\": \"SportsTeam\",\n      \"name\": \"FC Barcelone\",\n      \"sport\": \"Football\"\n    },\n    {\n      \"@type\": \"SportsTeam\",\n      \"name\": \"\u00c9quipe d'Espagne de football\",\n      \"sport\": \"Football\"\n    }\n  ]\n}\n<\/script><\/p>\n<style>\n    .rm-article {\n        max-width: 780px;\n        margin: 0 auto;\n        padding: 60px 24px 80px;\n        font-family: 'Montserrat', sans-serif;\n        color: #e0e0e0;\n        line-height: 1.85;\n        font-size: 17px\n    }<\/p>\n<p>    .rm-article__header {\n        text-align: center;\n        margin-bottom: 56px;\n        padding-bottom: 40px;\n        border-bottom: 1px solid rgba(255, 255, 255, 0.08)\n    }<\/p>\n<p>    .rm-article__badge {\n        display: inline-flex;\n        align-items: center;\n        gap: 8px;\n        font-size: 11px;\n        font-weight: 700;\n        letter-spacing: 3px;\n        text-transform: uppercase;\n        color: #c9a962;\n        margin-bottom: 20px;\n        padding: 6px 16px;\n        background: rgba(201, 169, 98, 0.08);\n        border-radius: 20px;\n        border: 1px solid rgba(201, 169, 98, 0.2)\n    }<\/p>\n<p>    .rm-article__title {\n        font-size: clamp(26px, 5vw, 38px);\n        font-weight: 800;\n        color: #fff;\n        line-height: 1.2;\n        margin: 0 0 16px;\n        letter-spacing: -0.5px\n    }<\/p>\n<p>    .rm-article__subtitle {\n        font-size: 18px;\n        color: #999;\n        margin: 0 0 24px;\n        font-weight: 400\n    }<\/p>\n<p>    .rm-article__meta {\n        font-size: 13px;\n        color: #666;\n        display: flex;\n        justify-content: center;\n        align-items: center;\n        gap: 16px;\n        flex-wrap: wrap\n    }<\/p>\n<p>    .rm-article__meta span {\n        display: flex;\n        align-items: center;\n        gap: 5px\n    }<\/p>\n<p>    .rm-article__meta .rm-dot {\n        width: 4px;\n        height: 4px;\n        border-radius: 50%;\n        background: #444\n    }<\/p>\n<p>    .rm-article__intro {\n        padding: 28px 32px;\n        background: linear-gradient(135deg, rgba(201, 169, 98, 0.06) 0%, rgba(201, 169, 98, 0.02) 100%);\n        border-left: 4px solid #c9a962;\n        border-radius: 0 12px 12px 0;\n        margin-bottom: 40px;\n        font-size: 16px;\n        color: #ccc;\n        line-height: 1.7\n    }<\/p>\n<p>    .rm-article__intro strong {\n        color: #fff\n    }<\/p>\n<p>    .rm-article h2 {\n        font-size: 22px;\n        font-weight: 700;\n        color: #fff;\n        margin: 44px 0 16px;\n        padding-left: 16px;\n        border-left: 3px solid #c9a962;\n        line-height: 1.3\n    }<\/p>\n<p>    .rm-article p {\n        margin: 0 0 20px;\n        color: rgba(255, 255, 255, 0.7)\n    }<\/p>\n<p>    .rm-article strong {\n        color: #fff;\n        font-weight: 600\n    }<\/p>\n<p>    .rm-article__quote {\n        margin: 32px 0;\n        padding: 28px 32px;\n        background: linear-gradient(135deg, rgba(16, 185, 129, 0.06) 0%, rgba(16, 185, 129, 0.02) 100%);\n        border-left: 4px solid #10b981;\n        border-radius: 0 12px 12px 0;\n        font-size: 19px;\n        font-style: italic;\n        font-weight: 500;\n        color: #fff;\n        line-height: 1.6\n    }<\/p>\n<p>    .rm-article__quote span {\n        display: block;\n        margin-top: 12px;\n        font-size: 13px;\n        font-style: normal;\n        font-weight: 600;\n        color: #10b981;\n        letter-spacing: 1px;\n        text-transform: uppercase\n    }<\/p>\n<p>    .rm-article__highlights {\n        display: grid;\n        grid-template-columns: repeat(auto-fit, minmax(160px, 1fr));\n        gap: 16px;\n        margin: 32px 0\n    }<\/p>\n<p>    .rm-article__highlight-card {\n        padding: 24px;\n        background: rgba(201, 169, 98, 0.05);\n        border: 1px solid rgba(201, 169, 98, 0.15);\n        border-radius: 12px;\n        text-align: center\n    }<\/p>\n<p>    .rm-article__highlight-card .number {\n        font-size: 24px;\n        font-weight: 800;\n        color: #c9a962;\n        display: block;\n        margin-bottom: 4px\n    }<\/p>\n<p>    .rm-article__highlight-card .label {\n        font-size: 12px;\n        color: #999;\n        letter-spacing: 1px;\n        text-transform: uppercase\n    }<\/p>\n<p>    .rm-article hr {\n        border: none;\n        height: 1px;\n        background: linear-gradient(to right, transparent, rgba(201, 169, 98, 0.3), transparent);\n        margin: 48px 0\n    }<\/p>\n<p>    .rm-article__source {\n        display: flex;\n        align-items: center;\n        gap: 16px;\n        padding: 20px 24px;\n        background: rgba(201, 169, 98, 0.04);\n        border: 1px solid rgba(201, 169, 98, 0.12);\n        border-radius: 12px;\n        margin-top: 40px;\n        text-decoration: none;\n        color: #ccc;\n        font-size: 15px;\n        transition: all 0.3s;\n        font-family: 'Montserrat', sans-serif\n    }<\/p>\n<p>    .rm-article__source:hover {\n        background: rgba(201, 169, 98, 0.1);\n        border-color: rgba(201, 169, 98, 0.3);\n        transform: translateX(4px);\n        color: #fff\n    }<\/p>\n<p>    .rm-article__source-icon {\n        font-size: 28px;\n        flex-shrink: 0\n    }<\/p>\n<p>    .rm-article__source-text {\n        display: flex;\n        flex-direction: column;\n        gap: 2px\n    }<\/p>\n<p>    .rm-article__source-title {\n        font-weight: 700;\n        color: #fff;\n        font-size: 15px\n    }<\/p>\n<p>    .rm-article__source-sub {\n        font-size: 13px;\n        color: #888\n    }<\/p>\n<p>    .rm-article__source .rm-arrow {\n        margin-left: auto;\n        color: #c9a962;\n        font-size: 18px;\n        flex-shrink: 0\n    }<\/p>\n<p>    .rm-article__cta {\n        display: inline-flex;\n        align-items: center;\n        gap: 10px;\n        margin-top: 32px;\n        padding: 14px 28px;\n        background: linear-gradient(135deg, #c9a962, #b8944f);\n        color: #111;\n        font-size: 15px;\n        font-weight: 700;\n        text-decoration: none;\n        border-radius: 10px;\n        letter-spacing: 0.5px;\n        transition: all 0.3s\n    }<\/p>\n<p>    .rm-article__cta:hover {\n        transform: translateY(-2px);\n        box-shadow: 0 8px 24px rgba(201, 169, 98, 0.3)\n    }<\/p>\n<p>    \/* \u2500\u2500 Animations \u2500\u2500 *\/\n    .rm-article section {\n        opacity: 0;\n        transform: translateY(30px);\n        animation: rmFadeInUp 0.6s ease forwards\n    }<\/p>\n<p>    .rm-article section:nth-child(2) {\n        animation-delay: 0.1s\n    }<\/p>\n<p>    .rm-article section:nth-child(3) {\n        animation-delay: 0.2s\n    }<\/p>\n<p>    .rm-article section:nth-child(4) {\n        animation-delay: 0.3s\n    }<\/p>\n<p>    .rm-article section:nth-child(5) {\n        animation-delay: 0.4s\n    }<\/p>\n<p>    .rm-article section:nth-child(6) {\n        animation-delay: 0.5s\n    }<\/p>\n<p>    @keyframes rmFadeInUp {\n        to {\n            opacity: 1;\n            transform: translateY(0)\n        }\n    }<\/p>\n<p>    @media(max-width:600px) {\n        .rm-article {\n            padding: 40px 16px 60px;\n            font-size: 16px\n        }<\/p>\n<p>        .rm-article__title {\n            font-size: 24px\n        }<\/p>\n<p>        .rm-article__quote {\n            padding: 20px;\n            font-size: 17px\n        }<\/p>\n<p>        .rm-article__highlights {\n            grid-template-columns: repeat(2, 1fr)\n        }\n    }\n<\/style>\n<article class=\"rm-article\">\n<p>    <!-- \u2550\u2550\u2550 EN-T\u00caTE \u2550\u2550\u2550 --><\/p>\n<header class=\"rm-article__header\">\n        <span class=\"rm-article__badge\">&#127908; Podcast &middot; Interview<\/span><\/p>\n<h1 class=\"rm-article__title\">Robert Moreno sur El Camino de Mario : &laquo;Le r&eacute;cit est bien plus fort<br \/>\n            que la v&eacute;rit&eacute;&raquo;<\/h1>\n<p class=\"rm-article__subtitle\">L&rsquo;interview la plus personnelle de Robert Moreno : origines, gestion de<br \/>\n            vestiaires d&rsquo;\u00e9lite, le tsunami m&eacute;diatique et la passion in&eacute;branlable pour le<br \/>\n            m&eacute;tier d&rsquo;entra&icirc;neur<\/p>\n<div class=\"rm-article__meta\">\n            <span>&#127897; <strong>El Camino de Mario<\/strong><\/span><br \/>\n            <span class=\"rm-dot\"><\/span><br \/>\n            <span>Mario Su&aacute;rez<\/span><br \/>\n            <span class=\"rm-dot\"><\/span><br \/>\n            <span>Mars 2026<\/span><br \/>\n            <span class=\"rm-dot\"><\/span><br \/>\n            <span>6 min de lecture<\/span>\n        <\/div>\n<\/header>\n<p>    <!-- \u2550\u2550\u2550 INTRO \u2550\u2550\u2550 --><\/p>\n<div class=\"rm-article__intro\">\n        <strong>Robert Moreno<\/strong> s&rsquo;est assis avec <strong>Mario Su&aacute;rez<\/strong> dans son podcast<br \/>\n        <strong>&laquo;El Camino de Mario&raquo;<\/strong> pour une conversation longue et sans filtre. C&rsquo;est la<br \/>\n        premi&egrave;re fois que l&rsquo;entra&icirc;neur espagnol s&rsquo;exprime ouvertement sur les moments les plus<br \/>\n        complexes de sa carri&egrave;re : de ses d&eacute;buts en tant qu&rsquo;analyste amateur &agrave; la t&ecirc;te<br \/>\n        de la <strong>S&eacute;lection espagnole<\/strong>, en passant par la gestion de vestiaires avec<br \/>\n        <strong>Messi<\/strong>, <strong>Totti<\/strong> ou <strong>Cesc F&agrave;bregas<\/strong>, et le prix personnel et<br \/>\n        familial de l&rsquo;exposition m&eacute;diatique.\n    <\/div>\n<p>    <!-- \u2550\u2550\u2550 DONN\u00c9ES CL\u00c9S \u2550\u2550\u2550 --><\/p>\n<div class=\"rm-article__highlights\">\n<div class=\"rm-article__highlight-card\">\n            <span class=\"number\">&#127897;<\/span><br \/>\n            <span class=\"label\">El Camino de Mario<\/span>\n        <\/div>\n<div class=\"rm-article__highlight-card\">\n            <span class=\"number\">150+<\/span><br \/>\n            <span class=\"label\">livres de football lus<\/span>\n        <\/div>\n<div class=\"rm-article__highlight-card\">\n            <span class=\"number\">14<\/span><br \/>\n            <span class=\"label\">ans quand il a commenc&eacute;<\/span>\n        <\/div>\n<div class=\"rm-article__highlight-card\">\n            <span class=\"number\">&#127466;&#127480;<\/span><br \/>\n            <span class=\"label\">Ancien s&eacute;lectionneur<\/span>\n        <\/div>\n<\/p><\/div>\n<p>    <!-- \u2550\u2550\u2550 SECTION 1 : DE L'ANALYSE \u00c0 L'\u00c9LITE \u2550\u2550\u2550 --><\/p>\n<section>\n<h2>De l&rsquo;analyse amateur aux vestiaires d&rsquo;\u00e9lite<\/h2>\n<p>Robert Moreno n&rsquo;est pas arriv&eacute; au football professionnel par la voie classique. &Agrave;<br \/>\n            seulement <strong>14 ans<\/strong>, il savait qu&rsquo;il n&rsquo;avait pas le talent footballistique<br \/>\n            suffisant, mais une obsession pour comprendre le jeu le poussait &agrave; filmer des matchs avec une<br \/>\n            cam&eacute;ra domestique, &agrave; installer des &eacute;quipements vid&eacute;o en haut des pyl\u00f4nes<br \/>\n            d&rsquo;&eacute;clairage et &agrave; consacrer <strong>huit heures<\/strong> &agrave; l&rsquo;analyse<br \/>\n            d&rsquo;un seul match de jeunes.<\/p>\n<div class=\"rm-article__quote\">\n            &laquo;Mon premier salaire de la banque, je l&rsquo;ai d&eacute;pens&eacute; dans un projecteur pour pouvoir<br \/>\n            montrer les vid&eacute;os dans les stades. Les gens riaient. Filmer des matchs&hellip; ce<br \/>\n            n&rsquo;&eacute;tait pas normal &agrave; l&rsquo;&eacute;poque.&raquo;<br \/>\n            <span>&mdash; Robert Moreno<\/span>\n        <\/div>\n<p>Apr&egrave;s avoir lu plus de <strong>150 livres de football<\/strong> et s&rsquo;&ecirc;tre form&eacute; en<br \/>\n            parall&egrave;le, Moreno a construit un avantage comp&eacute;titif diff&eacute;rent : la connaissance. Un<br \/>\n            appel de Joan Barbar&aacute; l&rsquo;apr&egrave;s-midi de la finale de la Coupe du monde 2010 lui a ouvert<br \/>\n            les portes du <strong>FC Barcelone<\/strong>, d&rsquo;abord comme analyste de l&rsquo;&eacute;quipe<br \/>\n            r&eacute;serve puis comme entra&icirc;neur adjoint aux c&ocirc;t&eacute;s de Luis Enrique &mdash; au<br \/>\n            Bar&ccedil;a B, &agrave; l&rsquo;AS Roma, au Celta de Vigo et en &eacute;quipe premi&egrave;re, o&ugrave;<br \/>\n            ils ont v&eacute;cu l&rsquo;historique tripl&eacute; de 2015.<\/p>\n<\/section>\n<p>    <!-- \u2550\u2550\u2550 SECTION 2 : FACTEUR HUMAIN \u2550\u2550\u2550 --><\/p>\n<section>\n<h2>La tactique compte, mais le facteur humain est primordial<\/h2>\n<p>L&rsquo;une des grandes r&eacute;flexions que Moreno partage dans l&rsquo;interview concerne<br \/>\n            l&rsquo;&eacute;volution de sa vision du leadership. Il reconna&icirc;t ouvertement que pendant des<br \/>\n            ann&eacute;es il a consacr&eacute; <strong>80 % de son temps<\/strong> &agrave; la connaissance tactique et<br \/>\n            seulement 20 % &agrave; la gestion des personnes &mdash; une proportion qu&rsquo;il a aujourd&rsquo;hui<br \/>\n            invers&eacute;e :<\/p>\n<div class=\"rm-article__quote\">\n            &laquo;Tu vois le footballeur et la plupart des gens voient des idoles, des privil&eacute;gi&eacute;s. Mais<br \/>\n            derri&egrave;re, il y a une personne qui souffre, qui a des peurs, des objectifs, une famille. 80 &agrave;<br \/>\n            90 % du temps doit &ecirc;tre consacr&eacute; &agrave; ces personnes.&raquo;<br \/>\n            <span>&mdash; Robert Moreno<\/span>\n        <\/div>\n<p>Moreno illustre cette &eacute;volution avec des anecdotes concr&egrave;tes : de la conversation avec<br \/>\n            <strong>Andr&eacute;s Iniesta<\/strong> o&ugrave; il lui a demand&eacute; comment mieux les aider<br \/>\n            (&laquo;Robert, dites-nous o&ugrave; sont les espaces&raquo;), &agrave; l&rsquo;&eacute;tude des<br \/>\n            <strong>sch&eacute;mas de d&eacute;placement de Messi<\/strong> pour que le reste de l&rsquo;&eacute;quipe<br \/>\n            compense ses mouvements sur le terrain.<\/p>\n<div class=\"rm-article__quote\">\n            &laquo;Gagner est peut-&ecirc;tre encore plus dangereux que perdre. La victoire t&rsquo;affaiblit parce<br \/>\n            qu&rsquo;elle g&eacute;n&egrave;re de l&rsquo;autosatisfaction. Et la principale diff&eacute;rence avec les<br \/>\n            meilleurs joueurs du monde, c&rsquo;est qu&rsquo;ils ne se lassent jamais de gagner.&raquo;<br \/>\n            <span>&mdash; Robert Moreno<\/span>\n        <\/div>\n<\/section>\n<p>    <!-- \u2550\u2550\u2550 SECTION 3 : TSUNAMI M\u00c9DIATIQUE \u2550\u2550\u2550 --><\/p>\n<section>\n<h2>Gestion m&eacute;diatique et le tsunami de la S&eacute;lection<\/h2>\n<p>L&rsquo;&eacute;pisode le plus personnel de l&rsquo;interview est le r&eacute;cit de ce qui s&rsquo;est<br \/>\n            pass&eacute; durant sa p&eacute;riode comme <strong>s&eacute;lectionneur de l&rsquo;Espagne<\/strong>. Moreno<br \/>\n            explique comment il a accept&eacute; le poste sur recommandation de Rubiales et avec l&rsquo;accord indirect<br \/>\n            de Luis Enrique, comment il n&rsquo;a perdu aucun match et comment, malgr&eacute; tout, un<br \/>\n            &laquo;tsunami&raquo; m&eacute;diatique l&rsquo;a frapp&eacute; personnellement et familialement lorsque la<br \/>\n            situation a chang&eacute; :<\/p>\n<div class=\"rm-article__quote\">\n            &laquo;Je me suis rendu compte que le r&eacute;cit est bien plus fort que la v&eacute;rit&eacute; dans de<br \/>\n            nombreux cas. Quelqu&rsquo;un comme moi n&rsquo;avait ni la force ni le soutien de quiconque pour retourner<br \/>\n            le r&eacute;cit. Ce fut un apprentissage brutal.&raquo;<br \/>\n            <span>&mdash; Robert Moreno<\/span>\n        <\/div>\n<p>Moreno reconna&icirc;t aussi ses propres erreurs : il explique qu&rsquo;&agrave; <strong>Grenade<\/strong> il<br \/>\n            a manqu&eacute; d&rsquo;empathie &agrave; certains moments, que sa carapace d&eacute;fensive lui a<br \/>\n            jou&eacute; de mauvais tours en conf&eacute;rences de presse et qu&rsquo;il a eu besoin de temps pour<br \/>\n            comprendre que dans le football professionnel <strong>on joue deux matchs<\/strong> : celui sur le terrain et<br \/>\n            celui en dehors.<\/p>\n<div class=\"rm-article__quote\">\n            &laquo;Avant, je ne jouais qu&rsquo;un seul match, celui qui se passait sur la pelouse. Maintenant, je sais<br \/>\n            que je dois en jouer deux : celui sur la pelouse et celui qui se passe en dehors.&raquo;<br \/>\n            <span>&mdash; Robert Moreno<\/span>\n        <\/div>\n<\/section>\n<p>    <!-- \u2550\u2550\u2550 SECTION 4 : R\u00c9SILIENCE \u2550\u2550\u2550 --><\/p>\n<section>\n<h2>Le prochain banc : pr&ecirc;t pour ce qui viendra<\/h2>\n<p>Moreno aborde &eacute;galement avec sinc&eacute;rit&eacute; les moments o&ugrave; il a failli quitter la<br \/>\n            profession. Apr&egrave;s Grenade, apr&egrave;s son d&eacute;part de Russie &mdash; o&ugrave; il a obtenu la<br \/>\n            <strong>mont&eacute;e en Premier League russe<\/strong> avec le PFC Sotchi et o&ugrave; sa famille a<br \/>\n            v&eacute;cu l&rsquo;impact d&rsquo;une attaque de drones sur la ville &mdash; l&rsquo;entra&icirc;neur<br \/>\n            s&rsquo;est demand&eacute; si cela en valait la peine :<\/p>\n<div class=\"rm-article__quote\">\n            &laquo;Pour moi, ce n&rsquo;est pas un &eacute;chec d&rsquo;aller en Russie. L&rsquo;&eacute;chec,<br \/>\n            c&rsquo;est de ne pas entra&icirc;ner, de ne pas pouvoir exercer le m&eacute;tier que j&rsquo;aime.&raquo;<br \/>\n            <span>&mdash; Robert Moreno<\/span>\n        <\/div>\n<p>Mais la passion pour le m&eacute;tier d&rsquo;entra&icirc;neur, celle qui est n&eacute;e &agrave; 14 ans en<br \/>\n            filmant des matchs avec une cam&eacute;ra domestique, reste intacte. &Agrave; la fin de la conversation,<br \/>\n            Moreno fait passer un message clair : il est pr&ecirc;t, avec plus d&rsquo;exp&eacute;rience, de meilleurs<br \/>\n            outils de gestion humaine et plus de faim que jamais.<\/p>\n<div class=\"rm-article__quote\">\n            &laquo;Je suis un cumul d&rsquo;erreurs qui ont fini par se transformer en quelques r&eacute;ussites. Mon<br \/>\n            prochain d&eacute;fi est d&rsquo;&ecirc;tre heureux en entra&icirc;nant et que les gens me connaissent<br \/>\n            vraiment.&raquo;<br \/>\n            <span>&mdash; Robert Moreno<\/span>\n        <\/div>\n<\/section>\n<hr>\n<p>    <!-- \u2550\u2550\u2550 VID\u00c9O INCRUST\u00c9E \u2550\u2550\u2550 --><\/p>\n<section>\n<h2>Regarder l&rsquo;interview compl&egrave;te<\/h2>\n<div style=\"position:relative;padding-bottom:56.25%;height:0;overflow:hidden;border-radius:12px;margin-bottom:24px;\">\n            <iframe\n                style=\"position:absolute;top:0;left:0;width:100%;height:100%;border:none;\"\n                src=\"https:\/\/www.youtube.com\/embed\/ljs-wlUmdTc\"\n                title=\"Robert Moreno sur El Camino de Mario\"\n                allow=\"accelerometer; autoplay; clipboard-write; encrypted-media; gyroscope; picture-in-picture\"\n                allowfullscreen><br \/>\n            <\/iframe>\n        <\/div>\n<p>        <a href=\"https:\/\/www.youtube.com\/watch?v=ljs-wlUmdTc\" target=\"_blank\" rel=\"noopener\" class=\"rm-article__source\"><br \/>\n            <span class=\"rm-article__source-icon\">&#127897;<\/span><br \/>\n            <span class=\"rm-article__source-text\"><br \/>\n                <span class=\"rm-article__source-title\">El Camino de Mario &mdash; Interview compl&egrave;te<\/span><br \/>\n                <span class=\"rm-article__source-sub\">&laquo;Robert Moreno : la v&eacute;rit&eacute; derri&egrave;re le<br \/>\n                    r&eacute;cit&raquo; &middot; Mario Su&aacute;rez<\/span><br \/>\n            <\/span><br \/>\n            <span class=\"rm-arrow\">&rarr;<\/span><br \/>\n        <\/a><br \/>\n    <\/section>\n<p style=\"margin-top:48px;\"><a href=\"https:\/\/robert-moreno.es\/fr\/salle-de-presse\/\"\n            style=\"color:#c9a962;text-decoration:none;\">&larr; Retour &agrave; la Salle de Presse<\/a><\/p>\n<\/article>\n","protected":false},"excerpt":{"rendered":"<p>&#127908; Podcast &middot; Interview Robert Moreno sur El Camino de Mario : &laquo;Le r&eacute;cit est bien plus fort que la v&eacute;rit&eacute;&raquo; L&rsquo;interview la plus personnelle de Robert Moreno : origines, gestion de vestiaires d&rsquo;\u00e9lite, le tsunami m&eacute;diatique et la passion in&eacute;branlable pour le m&eacute;tier d&rsquo;entra&icirc;neur &#127897; El Camino de Mario Mario Su&aacute;rez Mars 2026 6 [&hellip;]<\/p>\n","protected":false},"author":1,"featured_media":11078,"comment_status":"closed","ping_status":"closed","sticky":false,"template":"","format":"standard","meta":{"_angie_page":false,"page_builder":"","footnotes":""},"categories":[71,86,51],"tags":[],"class_list":["post-11079","post","type-post","status-publish","format-standard","has-post-thumbnail","hentry","category-a-la-une","category-entretiens","category-presse"],"yoast_head":"<!-- This site is optimized with the Yoast SEO Premium plugin v28.3 (Yoast SEO v28.3) - https:\/\/yoast.com\/product\/yoast-seo-premium-wordpress\/ -->\n<title>Robert Moreno dans El Camino de Mario : \u00ab Le r\u00e9cit est plus fort que la v\u00e9rit\u00e9 \u00bb<\/title>\n<meta name=\"description\" content=\"Robert Moreno sentretient avec Mario Su\u00e1rez dans son podcast pour parler sans filtre : ses origines, la gestion de vestiaires d\u00e9lite avec Messi et Totti, le tsunami de la S\u00e9lection et sa passion pour lentra\u00eenement.\" \/>\n<meta name=\"robots\" content=\"index, follow, max-snippet:-1, max-image-preview:large, max-video-preview:-1\" \/>\n<link rel=\"canonical\" href=\"https:\/\/robert-moreno.es\/fr\/robert-moreno-dans-el-camino-de-mario-le-recit-est-plus-fort-que-la-verite\/\" \/>\n<meta property=\"og:locale\" content=\"fr_FR\" \/>\n<meta property=\"og:type\" content=\"article\" \/>\n<meta property=\"og:title\" content=\"Robert Moreno dans El Camino de Mario : \u00ab Le r\u00e9cit est plus fort que la v\u00e9rit\u00e9 \u00bb\" \/>\n<meta property=\"og:description\" content=\"Robert Moreno sentretient avec Mario Su\u00e1rez dans son podcast pour parler sans filtre : ses origines, la gestion de vestiaires d\u00e9lite avec Messi et Totti, le tsunami de la S\u00e9lection et sa passion pour lentra\u00eenement.\" \/>\n<meta property=\"og:url\" content=\"https:\/\/robert-moreno.es\/fr\/robert-moreno-dans-el-camino-de-mario-le-recit-est-plus-fort-que-la-verite\/\" \/>\n<meta property=\"og:site_name\" content=\"Robert Moreno - Entrenador de f\u00fatbol\" \/>\n<meta property=\"article:published_time\" content=\"2026-03-15T19:43:05+00:00\" \/>\n<meta property=\"article:modified_time\" content=\"2026-07-06T06:26:43+00:00\" \/>\n<meta property=\"og:image\" content=\"https:\/\/robert-moreno.es\/wp-content\/uploads\/2026\/03\/WhatsApp-Image-2026-03-10-at-15.44.48-4-scaled.webp\" \/>\n\t<meta property=\"og:image:width\" content=\"1440\" \/>\n\t<meta property=\"og:image:height\" content=\"1920\" \/>\n\t<meta property=\"og:image:type\" content=\"image\/webp\" \/>\n<meta name=\"author\" content=\"Robert Moreno\" \/>\n<meta name=\"twitter:card\" content=\"summary_large_image\" \/>\n<meta name=\"twitter:label1\" content=\"\u00c9crit par\" \/>\n\t<meta name=\"twitter:data1\" content=\"Robert Moreno\" \/>\n\t<meta name=\"twitter:label2\" content=\"Dur\u00e9e de lecture estim\u00e9e\" \/>\n\t<meta name=\"twitter:data2\" content=\"5 minutes\" \/>\n<script type=\"application\/ld+json\" class=\"yoast-schema-graph\">{\"@context\":\"https:\\\/\\\/schema.org\",\"@graph\":[{\"@type\":\"Article\",\"@id\":\"https:\\\/\\\/robert-moreno.es\\\/fr\\\/robert-moreno-dans-el-camino-de-mario-le-recit-est-plus-fort-que-la-verite\\\/#article\",\"isPartOf\":{\"@id\":\"https:\\\/\\\/robert-moreno.es\\\/fr\\\/robert-moreno-dans-el-camino-de-mario-le-recit-est-plus-fort-que-la-verite\\\/\"},\"author\":{\"name\":\"Robert Moreno\",\"@id\":\"https:\\\/\\\/robert-moreno.es\\\/fr\\\/#\\\/schema\\\/person\\\/100bfa4e74aa38c9da58d9b64f1bb691\"},\"headline\":\"Robert Moreno dans El Camino de Mario : \u00ab Le r\u00e9cit est plus fort que la v\u00e9rit\u00e9 \u00bb\",\"datePublished\":\"2026-03-15T19:43:05+00:00\",\"dateModified\":\"2026-07-06T06:26:43+00:00\",\"mainEntityOfPage\":{\"@id\":\"https:\\\/\\\/robert-moreno.es\\\/fr\\\/robert-moreno-dans-el-camino-de-mario-le-recit-est-plus-fort-que-la-verite\\\/\"},\"wordCount\":1314,\"publisher\":{\"@id\":\"https:\\\/\\\/robert-moreno.es\\\/fr\\\/#organization\"},\"image\":{\"@id\":\"https:\\\/\\\/robert-moreno.es\\\/fr\\\/robert-moreno-dans-el-camino-de-mario-le-recit-est-plus-fort-que-la-verite\\\/#primaryimage\"},\"thumbnailUrl\":\"https:\\\/\\\/robert-moreno.es\\\/wp-content\\\/uploads\\\/2026\\\/03\\\/WhatsApp-Image-2026-03-10-at-15.44.48-4-scaled.webp\",\"articleSection\":[\"\u00c0 la une\",\"Entretiens\",\"Presse\"],\"inLanguage\":\"fr-FR\",\"copyrightYear\":\"2026\",\"copyrightHolder\":{\"@id\":\"https:\\\/\\\/robert-moreno.es\\\/#organization\"}},{\"@type\":\"WebPage\",\"@id\":\"https:\\\/\\\/robert-moreno.es\\\/fr\\\/robert-moreno-dans-el-camino-de-mario-le-recit-est-plus-fort-que-la-verite\\\/\",\"url\":\"https:\\\/\\\/robert-moreno.es\\\/fr\\\/robert-moreno-dans-el-camino-de-mario-le-recit-est-plus-fort-que-la-verite\\\/\",\"name\":\"Robert Moreno dans El Camino de Mario : \u00ab Le r\u00e9cit est plus fort que la v\u00e9rit\u00e9 \u00bb\",\"isPartOf\":{\"@id\":\"https:\\\/\\\/robert-moreno.es\\\/fr\\\/#website\"},\"primaryImageOfPage\":{\"@id\":\"https:\\\/\\\/robert-moreno.es\\\/fr\\\/robert-moreno-dans-el-camino-de-mario-le-recit-est-plus-fort-que-la-verite\\\/#primaryimage\"},\"image\":{\"@id\":\"https:\\\/\\\/robert-moreno.es\\\/fr\\\/robert-moreno-dans-el-camino-de-mario-le-recit-est-plus-fort-que-la-verite\\\/#primaryimage\"},\"thumbnailUrl\":\"https:\\\/\\\/robert-moreno.es\\\/wp-content\\\/uploads\\\/2026\\\/03\\\/WhatsApp-Image-2026-03-10-at-15.44.48-4-scaled.webp\",\"datePublished\":\"2026-03-15T19:43:05+00:00\",\"dateModified\":\"2026-07-06T06:26:43+00:00\",\"description\":\"Robert Moreno sentretient avec Mario Su\u00e1rez dans son podcast pour parler sans filtre : ses origines, la gestion de vestiaires d\u00e9lite avec Messi et Totti, le tsunami de la S\u00e9lection et sa passion pour lentra\u00eenement.\",\"breadcrumb\":{\"@id\":\"https:\\\/\\\/robert-moreno.es\\\/fr\\\/robert-moreno-dans-el-camino-de-mario-le-recit-est-plus-fort-que-la-verite\\\/#breadcrumb\"},\"inLanguage\":\"fr-FR\",\"potentialAction\":[{\"@type\":\"ReadAction\",\"target\":[\"https:\\\/\\\/robert-moreno.es\\\/fr\\\/robert-moreno-dans-el-camino-de-mario-le-recit-est-plus-fort-que-la-verite\\\/\"]}]},{\"@type\":\"ImageObject\",\"inLanguage\":\"fr-FR\",\"@id\":\"https:\\\/\\\/robert-moreno.es\\\/fr\\\/robert-moreno-dans-el-camino-de-mario-le-recit-est-plus-fort-que-la-verite\\\/#primaryimage\",\"url\":\"https:\\\/\\\/robert-moreno.es\\\/wp-content\\\/uploads\\\/2026\\\/03\\\/WhatsApp-Image-2026-03-10-at-15.44.48-4-scaled.webp\",\"contentUrl\":\"https:\\\/\\\/robert-moreno.es\\\/wp-content\\\/uploads\\\/2026\\\/03\\\/WhatsApp-Image-2026-03-10-at-15.44.48-4-scaled.webp\",\"width\":1440,\"height\":1920,\"caption\":\"Robert Moreno et Mario Suarez dans El Camino de Mario\"},{\"@type\":\"BreadcrumbList\",\"@id\":\"https:\\\/\\\/robert-moreno.es\\\/fr\\\/robert-moreno-dans-el-camino-de-mario-le-recit-est-plus-fort-que-la-verite\\\/#breadcrumb\",\"itemListElement\":[{\"@type\":\"ListItem\",\"position\":1,\"name\":\"Portada\",\"item\":\"https:\\\/\\\/robert-moreno.es\\\/fr\\\/accueil\\\/\"},{\"@type\":\"ListItem\",\"position\":2,\"name\":\"Robert Moreno dans El Camino de Mario : \u00ab Le r\u00e9cit est plus fort que la v\u00e9rit\u00e9 \u00bb\"}]},{\"@type\":\"WebSite\",\"@id\":\"https:\\\/\\\/robert-moreno.es\\\/fr\\\/#website\",\"url\":\"https:\\\/\\\/robert-moreno.es\\\/fr\\\/\",\"name\":\"Robert Moreno - Entrenador de f\u00fatbol\",\"description\":\"Entrenador de f\u00fatbol\",\"publisher\":{\"@id\":\"https:\\\/\\\/robert-moreno.es\\\/fr\\\/#organization\"},\"potentialAction\":[{\"@type\":\"SearchAction\",\"target\":{\"@type\":\"EntryPoint\",\"urlTemplate\":\"https:\\\/\\\/robert-moreno.es\\\/fr\\\/?s={search_term_string}\"},\"query-input\":{\"@type\":\"PropertyValueSpecification\",\"valueRequired\":true,\"valueName\":\"search_term_string\"}}],\"inLanguage\":\"fr-FR\"},{\"@type\":\"Person\",\"@id\":\"https:\\\/\\\/robert-moreno.es\\\/fr\\\/#\\\/schema\\\/person\\\/100bfa4e74aa38c9da58d9b64f1bb691\",\"name\":\"Robert Moreno\",\"image\":{\"@type\":\"ImageObject\",\"inLanguage\":\"fr-FR\",\"@id\":\"https:\\\/\\\/robert-moreno.es\\\/wp-content\\\/litespeed\\\/avatar\\\/49c4d4a0c545e139d536817316491363.jpg?ver=1788196358\",\"url\":\"https:\\\/\\\/robert-moreno.es\\\/wp-content\\\/litespeed\\\/avatar\\\/49c4d4a0c545e139d536817316491363.jpg?ver=1788196358\",\"contentUrl\":\"https:\\\/\\\/robert-moreno.es\\\/wp-content\\\/litespeed\\\/avatar\\\/49c4d4a0c545e139d536817316491363.jpg?ver=1788196358\",\"caption\":\"Robert Moreno\"},\"description\":\"Robert Moreno Gonz\u00e1lez (Barcelona, 1977) es entrenador de f\u00fatbol con licencia UEFA Pro. Ex Seleccionador Nacional de Espa\u00f1a (2019, clasificaci\u00f3n invicta a la Eurocopa 2020) y miembro del cuerpo t\u00e9cnico del FC Barcelona con Luis Enrique (2014-2017): Triplete 2014-15 (Champions League, LaLiga, Copa del Rey) y 9 t\u00edtulos en tres temporadas. T\u00e9cnico principal en AS M\u00f3naco, Granada CF y PFC Sochi (ascenso a la Premier League rusa, 2025). Habla cinco idiomas y ha entrenado en cinco pa\u00edses. Pionero del an\u00e1lisis de v\u00eddeo y scouting digital en Espa\u00f1a. Autor de \u00abMi receta del 4-4-2\u00bb.\",\"sameAs\":[\"https:\\\/\\\/robert-moreno.com\",\"https:\\\/\\\/www.instagram.com\\\/robertmoreno\\\/\",\"https:\\\/\\\/www.linkedin.com\\\/in\\\/robertmorenocoach\\\/\"],\"url\":\"https:\\\/\\\/robert-moreno.es\\\/fr\\\/author\\\/robert-moreno\\\/\"},{\"@type\":\"ImageObject\",\"inLanguage\":\"fr-FR\",\"@id\":\"https:\\\/\\\/robert-moreno.es\\\/fr\\\/robert-moreno-dans-el-camino-de-mario-le-recit-est-plus-fort-que-la-verite\\\/#local-main-organization-logo\",\"url\":\"https:\\\/\\\/robert-moreno.es\\\/wp-content\\\/uploads\\\/2026\\\/02\\\/LogoRobertMoreno-e1772804580395.jpg\",\"contentUrl\":\"https:\\\/\\\/robert-moreno.es\\\/wp-content\\\/uploads\\\/2026\\\/02\\\/LogoRobertMoreno-e1772804580395.jpg\",\"width\":800,\"height\":313,\"caption\":\"Robert Moreno - Entrenador de f\u00fatbol\"}]}<\/script>\n<meta property=\"og:video\" content=\"https:\/\/www.youtube.com\/embed\/ljs-wlUmdTc\" \/>\n<meta property=\"og:video:type\" content=\"text\/html\" \/>\n<meta property=\"og:video:duration\" content=\"2691\" \/>\n<meta property=\"og:video:width\" content=\"480\" \/>\n<meta property=\"og:video:height\" content=\"270\" \/>\n<meta property=\"ya:ovs:adult\" content=\"false\" \/>\n<meta property=\"ya:ovs:upload_date\" content=\"2026-03-15T19:43:05+00:00\" \/>\n<meta property=\"ya:ovs:allow_embed\" content=\"true\" \/>\n<!-- \/ Yoast SEO Premium plugin. -->","yoast_head_json":{"title":"Robert Moreno dans El Camino de Mario : \u00ab Le r\u00e9cit est plus fort que la v\u00e9rit\u00e9 \u00bb","description":"Robert Moreno sentretient avec Mario Su\u00e1rez dans son podcast pour parler sans filtre : ses origines, la gestion de vestiaires d\u00e9lite avec Messi et Totti, le tsunami de la S\u00e9lection et sa passion pour lentra\u00eenement.","robots":{"index":"index","follow":"follow","max-snippet":"max-snippet:-1","max-image-preview":"max-image-preview:large","max-video-preview":"max-video-preview:-1"},"canonical":"https:\/\/robert-moreno.es\/fr\/robert-moreno-dans-el-camino-de-mario-le-recit-est-plus-fort-que-la-verite\/","og_locale":"fr_FR","og_type":"article","og_title":"Robert Moreno dans El Camino de Mario : \u00ab Le r\u00e9cit est plus fort que la v\u00e9rit\u00e9 \u00bb","og_description":"Robert Moreno sentretient avec Mario Su\u00e1rez dans son podcast pour parler sans filtre : ses origines, la gestion de vestiaires d\u00e9lite avec Messi et Totti, le tsunami de la S\u00e9lection et sa passion pour lentra\u00eenement.","og_url":"https:\/\/robert-moreno.es\/fr\/robert-moreno-dans-el-camino-de-mario-le-recit-est-plus-fort-que-la-verite\/","og_site_name":"Robert Moreno - Entrenador de f\u00fatbol","article_published_time":"2026-03-15T19:43:05+00:00","article_modified_time":"2026-07-06T06:26:43+00:00","og_image":[{"width":1440,"height":1920,"url":"https:\/\/robert-moreno.es\/wp-content\/uploads\/2026\/03\/WhatsApp-Image-2026-03-10-at-15.44.48-4-scaled.webp","type":"image\/webp"}],"author":"Robert Moreno","twitter_card":"summary_large_image","twitter_misc":{"\u00c9crit par":"Robert Moreno","Dur\u00e9e de lecture estim\u00e9e":"5 minutes"},"schema":{"@context":"https:\/\/schema.org","@graph":[{"@type":"Article","@id":"https:\/\/robert-moreno.es\/fr\/robert-moreno-dans-el-camino-de-mario-le-recit-est-plus-fort-que-la-verite\/#article","isPartOf":{"@id":"https:\/\/robert-moreno.es\/fr\/robert-moreno-dans-el-camino-de-mario-le-recit-est-plus-fort-que-la-verite\/"},"author":{"name":"Robert Moreno","@id":"https:\/\/robert-moreno.es\/fr\/#\/schema\/person\/100bfa4e74aa38c9da58d9b64f1bb691"},"headline":"Robert Moreno dans El Camino de Mario : \u00ab Le r\u00e9cit est plus fort que la v\u00e9rit\u00e9 \u00bb","datePublished":"2026-03-15T19:43:05+00:00","dateModified":"2026-07-06T06:26:43+00:00","mainEntityOfPage":{"@id":"https:\/\/robert-moreno.es\/fr\/robert-moreno-dans-el-camino-de-mario-le-recit-est-plus-fort-que-la-verite\/"},"wordCount":1314,"publisher":{"@id":"https:\/\/robert-moreno.es\/fr\/#organization"},"image":{"@id":"https:\/\/robert-moreno.es\/fr\/robert-moreno-dans-el-camino-de-mario-le-recit-est-plus-fort-que-la-verite\/#primaryimage"},"thumbnailUrl":"https:\/\/robert-moreno.es\/wp-content\/uploads\/2026\/03\/WhatsApp-Image-2026-03-10-at-15.44.48-4-scaled.webp","articleSection":["\u00c0 la une","Entretiens","Presse"],"inLanguage":"fr-FR","copyrightYear":"2026","copyrightHolder":{"@id":"https:\/\/robert-moreno.es\/#organization"}},{"@type":"WebPage","@id":"https:\/\/robert-moreno.es\/fr\/robert-moreno-dans-el-camino-de-mario-le-recit-est-plus-fort-que-la-verite\/","url":"https:\/\/robert-moreno.es\/fr\/robert-moreno-dans-el-camino-de-mario-le-recit-est-plus-fort-que-la-verite\/","name":"Robert Moreno dans El Camino de Mario : \u00ab Le r\u00e9cit est plus fort que la v\u00e9rit\u00e9 \u00bb","isPartOf":{"@id":"https:\/\/robert-moreno.es\/fr\/#website"},"primaryImageOfPage":{"@id":"https:\/\/robert-moreno.es\/fr\/robert-moreno-dans-el-camino-de-mario-le-recit-est-plus-fort-que-la-verite\/#primaryimage"},"image":{"@id":"https:\/\/robert-moreno.es\/fr\/robert-moreno-dans-el-camino-de-mario-le-recit-est-plus-fort-que-la-verite\/#primaryimage"},"thumbnailUrl":"https:\/\/robert-moreno.es\/wp-content\/uploads\/2026\/03\/WhatsApp-Image-2026-03-10-at-15.44.48-4-scaled.webp","datePublished":"2026-03-15T19:43:05+00:00","dateModified":"2026-07-06T06:26:43+00:00","description":"Robert Moreno sentretient avec Mario Su\u00e1rez dans son podcast pour parler sans filtre : ses origines, la gestion de vestiaires d\u00e9lite avec Messi et Totti, le tsunami de la S\u00e9lection et sa passion pour lentra\u00eenement.","breadcrumb":{"@id":"https:\/\/robert-moreno.es\/fr\/robert-moreno-dans-el-camino-de-mario-le-recit-est-plus-fort-que-la-verite\/#breadcrumb"},"inLanguage":"fr-FR","potentialAction":[{"@type":"ReadAction","target":["https:\/\/robert-moreno.es\/fr\/robert-moreno-dans-el-camino-de-mario-le-recit-est-plus-fort-que-la-verite\/"]}]},{"@type":"ImageObject","inLanguage":"fr-FR","@id":"https:\/\/robert-moreno.es\/fr\/robert-moreno-dans-el-camino-de-mario-le-recit-est-plus-fort-que-la-verite\/#primaryimage","url":"https:\/\/robert-moreno.es\/wp-content\/uploads\/2026\/03\/WhatsApp-Image-2026-03-10-at-15.44.48-4-scaled.webp","contentUrl":"https:\/\/robert-moreno.es\/wp-content\/uploads\/2026\/03\/WhatsApp-Image-2026-03-10-at-15.44.48-4-scaled.webp","width":1440,"height":1920,"caption":"Robert Moreno et Mario Suarez dans El Camino de Mario"},{"@type":"BreadcrumbList","@id":"https:\/\/robert-moreno.es\/fr\/robert-moreno-dans-el-camino-de-mario-le-recit-est-plus-fort-que-la-verite\/#breadcrumb","itemListElement":[{"@type":"ListItem","position":1,"name":"Portada","item":"https:\/\/robert-moreno.es\/fr\/accueil\/"},{"@type":"ListItem","position":2,"name":"Robert Moreno dans El Camino de Mario : \u00ab Le r\u00e9cit est plus fort que la v\u00e9rit\u00e9 \u00bb"}]},{"@type":"WebSite","@id":"https:\/\/robert-moreno.es\/fr\/#website","url":"https:\/\/robert-moreno.es\/fr\/","name":"Robert Moreno - Entrenador de f\u00fatbol","description":"Entrenador de f\u00fatbol","publisher":{"@id":"https:\/\/robert-moreno.es\/fr\/#organization"},"potentialAction":[{"@type":"SearchAction","target":{"@type":"EntryPoint","urlTemplate":"https:\/\/robert-moreno.es\/fr\/?s={search_term_string}"},"query-input":{"@type":"PropertyValueSpecification","valueRequired":true,"valueName":"search_term_string"}}],"inLanguage":"fr-FR"},{"@type":"Person","@id":"https:\/\/robert-moreno.es\/fr\/#\/schema\/person\/100bfa4e74aa38c9da58d9b64f1bb691","name":"Robert Moreno","image":{"@type":"ImageObject","inLanguage":"fr-FR","@id":"https:\/\/robert-moreno.es\/wp-content\/litespeed\/avatar\/49c4d4a0c545e139d536817316491363.jpg?ver=1788196358","url":"https:\/\/robert-moreno.es\/wp-content\/litespeed\/avatar\/49c4d4a0c545e139d536817316491363.jpg?ver=1788196358","contentUrl":"https:\/\/robert-moreno.es\/wp-content\/litespeed\/avatar\/49c4d4a0c545e139d536817316491363.jpg?ver=1788196358","caption":"Robert Moreno"},"description":"Robert Moreno Gonz\u00e1lez (Barcelona, 1977) es entrenador de f\u00fatbol con licencia UEFA Pro. Ex Seleccionador Nacional de Espa\u00f1a (2019, clasificaci\u00f3n invicta a la Eurocopa 2020) y miembro del cuerpo t\u00e9cnico del FC Barcelona con Luis Enrique (2014-2017): Triplete 2014-15 (Champions League, LaLiga, Copa del Rey) y 9 t\u00edtulos en tres temporadas. T\u00e9cnico principal en AS M\u00f3naco, Granada CF y PFC Sochi (ascenso a la Premier League rusa, 2025). Habla cinco idiomas y ha entrenado en cinco pa\u00edses. Pionero del an\u00e1lisis de v\u00eddeo y scouting digital en Espa\u00f1a. Autor de \u00abMi receta del 4-4-2\u00bb.","sameAs":["https:\/\/robert-moreno.com","https:\/\/www.instagram.com\/robertmoreno\/","https:\/\/www.linkedin.com\/in\/robertmorenocoach\/"],"url":"https:\/\/robert-moreno.es\/fr\/author\/robert-moreno\/"},{"@type":"ImageObject","inLanguage":"fr-FR","@id":"https:\/\/robert-moreno.es\/fr\/robert-moreno-dans-el-camino-de-mario-le-recit-est-plus-fort-que-la-verite\/#local-main-organization-logo","url":"https:\/\/robert-moreno.es\/wp-content\/uploads\/2026\/02\/LogoRobertMoreno-e1772804580395.jpg","contentUrl":"https:\/\/robert-moreno.es\/wp-content\/uploads\/2026\/02\/LogoRobertMoreno-e1772804580395.jpg","width":800,"height":313,"caption":"Robert Moreno - Entrenador de f\u00fatbol"}]},"og_video":"https:\/\/www.youtube.com\/embed\/ljs-wlUmdTc","og_video_type":"text\/html","og_video_duration":"2691","og_video_width":"480","og_video_height":"270","ya_ovs_adult":"false","ya_ovs_upload_date":"2026-03-15T19:43:05+00:00","ya_ovs_allow_embed":"true"},"_links":{"self":[{"href":"https:\/\/robert-moreno.es\/fr\/wp-json\/wp\/v2\/posts\/11079","targetHints":{"allow":["GET"]}}],"collection":[{"href":"https:\/\/robert-moreno.es\/fr\/wp-json\/wp\/v2\/posts"}],"about":[{"href":"https:\/\/robert-moreno.es\/fr\/wp-json\/wp\/v2\/types\/post"}],"author":[{"embeddable":true,"href":"https:\/\/robert-moreno.es\/fr\/wp-json\/wp\/v2\/users\/1"}],"replies":[{"embeddable":true,"href":"https:\/\/robert-moreno.es\/fr\/wp-json\/wp\/v2\/comments?post=11079"}],"version-history":[{"count":4,"href":"https:\/\/robert-moreno.es\/fr\/wp-json\/wp\/v2\/posts\/11079\/revisions"}],"predecessor-version":[{"id":11208,"href":"https:\/\/robert-moreno.es\/fr\/wp-json\/wp\/v2\/posts\/11079\/revisions\/11208"}],"wp:featuredmedia":[{"embeddable":true,"href":"https:\/\/robert-moreno.es\/fr\/wp-json\/wp\/v2\/media\/11078"}],"wp:attachment":[{"href":"https:\/\/robert-moreno.es\/fr\/wp-json\/wp\/v2\/media?parent=11079"}],"wp:term":[{"taxonomy":"category","embeddable":true,"href":"https:\/\/robert-moreno.es\/fr\/wp-json\/wp\/v2\/categories?post=11079"},{"taxonomy":"post_tag","embeddable":true,"href":"https:\/\/robert-moreno.es\/fr\/wp-json\/wp\/v2\/tags?post=11079"}],"curies":[{"name":"wp","href":"https:\/\/api.w.org\/{rel}","templated":true}]}}