{"id":10465,"date":"2026-02-26T20:59:21","date_gmt":"2026-02-26T19:59:21","guid":{"rendered":"https:\/\/robert-moreno.es\/robert-moreno-nouvel-entraineur-du-granada-cf\/"},"modified":"2026-03-09T21:09:21","modified_gmt":"2026-03-09T20:09:21","slug":"robert-moreno-nouvel-entraineur-du-granada-cf","status":"publish","type":"post","link":"https:\/\/robert-moreno.es\/fr\/robert-moreno-nouvel-entraineur-du-granada-cf\/","title":{"rendered":"Robert Moreno, nouvel entra\u00eeneur du Granada CF"},"content":{"rendered":"\n<p>Robert Moreno signe pour deux saisons avec le <strong>Granada CF<\/strong>, relevant le d\u00e9fi de diriger en LaLiga\n Santander apr\u00e8s son passage \u00e0 l&rsquo;AS Monaco en Ligue 1 fran\u00e7aise.<\/p>\n\n<p>L&rsquo;entra\u00eeneur catalan a \u00e9t\u00e9 pr\u00e9sent\u00e9 officiellement le 18 juin 2021 comme nouveau technicien du\n club grenat. Moreno est arriv\u00e9 avec l&rsquo;ambition d&rsquo;imprimer sa marque tactique et de construire\n une \u00e9quipe comp\u00e9titive refl\u00e9tant les valeurs du football associatif. <\/p>\n\n<p>Avec cette incorporation, le Granada CF a mis\u00e9 sur un entra\u00eeneur poss\u00e9dant une exp\u00e9rience internationale au\n plus haut niveau : 8 titres avec le FC Barcelone au sein du staff de Luis Enrique et la\n direction de l&rsquo;\u00e9quipe nationale espagnole.<\/p>\n\n<h3>Couverture m\u00e9diatique<\/h3>\n<ul>\n    <li><a href=\"https:\/\/www.lesportiudecatalunya.cat\/futbol\/article\/2108776-el-granada-acomiada-robert-moreno.html\" target=\"_blank\" rel=\"noopener\">L&rsquo;Esportiu de Catalunya \u2014 Robert Moreno au Granada CF<\/a><\/li>\n<\/ul>\n\n<p><a href=\"https:\/\/robert-moreno.es\/prensa-3\/\">\u2190 Retour \u00e0 la Salle de Presse<\/a><\/p>\n","protected":false},"excerpt":{"rendered":"<p>Robert Moreno signe pour deux saisons avec le Granada CF, relevant le d\u00e9fi de diriger en LaLiga Santander apr\u00e8s son passage \u00e0 l&rsquo;AS Monaco en Ligue 1 fran\u00e7aise. L&rsquo;entra\u00eeneur catalan a \u00e9t\u00e9 pr\u00e9sent\u00e9 officiellement le 18 juin 2021 comme nouveau technicien du club grenat. Moreno est arriv\u00e9 avec l&rsquo;ambition d&rsquo;imprimer sa marque tactique et de [&hellip;]<\/p>\n","protected":false},"author":1,"featured_media":10466,"comment_status":"closed","ping_status":"closed","sticky":false,"template":"","format":"standard","meta":{"_angie_page":false,"page_builder":"","footnotes":""},"categories":[90,51],"tags":[],"class_list":["post-10465","post","type-post","status-publish","format-standard","has-post-thumbnail","hentry","category-actualites","category-presse"],"_links":{"self":[{"href":"https:\/\/robert-moreno.es\/fr\/wp-json\/wp\/v2\/posts\/10465","targetHints":{"allow":["GET"]}}],"collection":[{"href":"https:\/\/robert-moreno.es\/fr\/wp-json\/wp\/v2\/posts"}],"about":[{"href":"https:\/\/robert-moreno.es\/fr\/wp-json\/wp\/v2\/types\/post"}],"author":[{"embeddable":true,"href":"https:\/\/robert-moreno.es\/fr\/wp-json\/wp\/v2\/users\/1"}],"replies":[{"embeddable":true,"href":"https:\/\/robert-moreno.es\/fr\/wp-json\/wp\/v2\/comments?post=10465"}],"version-history":[{"count":1,"href":"https:\/\/robert-moreno.es\/fr\/wp-json\/wp\/v2\/posts\/10465\/revisions"}],"predecessor-version":[{"id":10467,"href":"https:\/\/robert-moreno.es\/fr\/wp-json\/wp\/v2\/posts\/10465\/revisions\/10467"}],"wp:featuredmedia":[{"embeddable":true,"href":"https:\/\/robert-moreno.es\/fr\/wp-json\/wp\/v2\/media\/10466"}],"wp:attachment":[{"href":"https:\/\/robert-moreno.es\/fr\/wp-json\/wp\/v2\/media?parent=10465"}],"wp:term":[{"taxonomy":"category","embeddable":true,"href":"https:\/\/robert-moreno.es\/fr\/wp-json\/wp\/v2\/categories?post=10465"},{"taxonomy":"post_tag","embeddable":true,"href":"https:\/\/robert-moreno.es\/fr\/wp-json\/wp\/v2\/tags?post=10465"}],"curies":[{"name":"wp","href":"https:\/\/api.w.org\/{rel}","templated":true}]}}