{"id":10308,"date":"2026-02-26T18:52:28","date_gmt":"2026-02-26T17:52:28","guid":{"rendered":"https:\/\/robert-moreno.es\/robert-moreno-assure-la-montee-du-pfc-sotchi-en-rpl\/"},"modified":"2026-03-10T08:19:55","modified_gmt":"2026-03-10T07:19:55","slug":"robert-moreno-assure-la-montee-du-pfc-sotchi-en-rpl","status":"publish","type":"post","link":"https:\/\/robert-moreno.es\/fr\/robert-moreno-assure-la-montee-du-pfc-sotchi-en-rpl\/","title":{"rendered":"Robert Moreno assure la mont\u00e9e du PFC Sotchi en RPL"},"content":{"rendered":"\n<p>L&rsquo;entra\u00eeneur espagnol Robert Moreno a achev\u00e9 une saison historique \u00e0 la t\u00eate du PFC Sotchi,\n en obtenant la <strong>mont\u00e9e en Premi\u00e8re Ligue Russe<\/strong> apr\u00e8s un barrage dramatique\n contre le Nijni Novgorod.<\/p>\n\n<p>Le score cumul\u00e9 de 4-3 a couronn\u00e9 un travail de reconstruction de plus d&rsquo;un an,\n durant lequel Moreno a transform\u00e9 une \u00e9quipe en crise en un groupe comp\u00e9titif capable de se battre pour la promotion.<\/p>\n\n<blockquote>\u00ab Ce fut l&rsquo;exp\u00e9rience la plus gratifiante de ma carri\u00e8re. Ce groupe de joueurs a fait preuve\n d&rsquo;une mentalit\u00e9 extraordinaire. La promotion est le m\u00e9rite de tous. \u00bb  <\/blockquote>\n\n<h3>Couverture m\u00e9diatique<\/h3>\n<ul>\n    <li><a href=\"https:\/\/www.marca.com\/futbol\/futbol-internacional\/2025\/05\/24\/robert-moreno-queda-ascenso-rusia.html\" target=\"_blank\" rel=\"noopener\">Marca \u2014 Robert Moreno assure la promotion en Russie<\/a><\/li>\n    <li><a href=\"https:\/\/www.instagram.com\/p\/DOEpHugjF8M\/\" target=\"_blank\" rel=\"noopener\">Instagram \u2014 Communiqu\u00e9\n officiel de d\u00e9part du PFC Sotchi<\/a><\/li>\n<\/ul>\n\n<p><a href=\"https:\/\/robert-moreno.es\/prensa-3\/\">\u2190 Retour \u00e0 la Salle de Presse<\/a><\/p>\n","protected":false},"excerpt":{"rendered":"<p>L&rsquo;entra\u00eeneur espagnol Robert Moreno a achev\u00e9 une saison historique \u00e0 la t\u00eate du PFC Sotchi, en obtenant la mont\u00e9e en Premi\u00e8re Ligue Russe apr\u00e8s un barrage dramatique contre le Nijni Novgorod. Le score cumul\u00e9 de 4-3 a couronn\u00e9 un travail de reconstruction de plus d&rsquo;un an, durant lequel Moreno a transform\u00e9 une \u00e9quipe en crise [&hellip;]<\/p>\n","protected":false},"author":1,"featured_media":10309,"comment_status":"closed","ping_status":"closed","sticky":false,"template":"","format":"standard","meta":{"_angie_page":false,"page_builder":"","footnotes":""},"categories":[71,90,51],"tags":[],"class_list":["post-10308","post","type-post","status-publish","format-standard","has-post-thumbnail","hentry","category-a-la-une","category-actualites","category-presse"],"_links":{"self":[{"href":"https:\/\/robert-moreno.es\/fr\/wp-json\/wp\/v2\/posts\/10308","targetHints":{"allow":["GET"]}}],"collection":[{"href":"https:\/\/robert-moreno.es\/fr\/wp-json\/wp\/v2\/posts"}],"about":[{"href":"https:\/\/robert-moreno.es\/fr\/wp-json\/wp\/v2\/types\/post"}],"author":[{"embeddable":true,"href":"https:\/\/robert-moreno.es\/fr\/wp-json\/wp\/v2\/users\/1"}],"replies":[{"embeddable":true,"href":"https:\/\/robert-moreno.es\/fr\/wp-json\/wp\/v2\/comments?post=10308"}],"version-history":[{"count":1,"href":"https:\/\/robert-moreno.es\/fr\/wp-json\/wp\/v2\/posts\/10308\/revisions"}],"predecessor-version":[{"id":10310,"href":"https:\/\/robert-moreno.es\/fr\/wp-json\/wp\/v2\/posts\/10308\/revisions\/10310"}],"wp:featuredmedia":[{"embeddable":true,"href":"https:\/\/robert-moreno.es\/fr\/wp-json\/wp\/v2\/media\/10309"}],"wp:attachment":[{"href":"https:\/\/robert-moreno.es\/fr\/wp-json\/wp\/v2\/media?parent=10308"}],"wp:term":[{"taxonomy":"category","embeddable":true,"href":"https:\/\/robert-moreno.es\/fr\/wp-json\/wp\/v2\/categories?post=10308"},{"taxonomy":"post_tag","embeddable":true,"href":"https:\/\/robert-moreno.es\/fr\/wp-json\/wp\/v2\/tags?post=10308"}],"curies":[{"name":"wp","href":"https:\/\/api.w.org\/{rel}","templated":true}]}}