{"id":10295,"date":"2026-02-26T18:52:38","date_gmt":"2026-02-26T17:52:38","guid":{"rendered":"https:\/\/robert-moreno.es\/un-discours-pour-lhistoire-des-valeurs-au-dela-du-sport\/"},"modified":"2026-03-07T12:21:27","modified_gmt":"2026-03-07T11:21:27","slug":"un-discours-pour-lhistoire-des-valeurs-au-dela-du-sport","status":"publish","type":"post","link":"https:\/\/robert-moreno.es\/fr\/un-discours-pour-lhistoire-des-valeurs-au-dela-du-sport\/","title":{"rendered":"Un discours pour l&rsquo;histoire : des valeurs au-del\u00e0 du sport"},"content":{"rendered":"\n<style>.rm-video-entry {\n        max-width: 860px;\n        margin: 0 auto;\n        padding: 60px 24px 80px;\n        font-family: 'Montserrat', sans-serif;\n        color: #e0e0e0;\n        line-height: 1.85;\n        font-size: 17px\n    }\n\n    .rm-video-entry__header {\n        text-align: center;\n        margin-bottom: 48px\n    }\n\n    .rm-video-entry__badge {\n        display: inline-flex;\n        align-items: center;\n        gap: 8px;\n        font-size: 11px;\n        font-weight: 700;\n        letter-spacing: 3px;\n        text-transform: uppercase;\n        color: #c9a962;\n        margin-bottom: 20px;\n        padding: 6px 16px;\n        background: rgba(201, 169, 98, 0.08);\n        border-radius: 20px;\n        border: 1px solid rgba(201, 169, 98, 0.2)\n    }\n\n    .rm-video-entry__title {\n        font-size: clamp(26px, 5vw, 38px);\n        font-weight: 800;\n        color: #fff;\n        line-height: 1.2;\n        margin: 0 0 16px;\n        letter-spacing: -0.5px\n    }\n\n    .rm-video-entry__subtitle {\n        font-size: 18px;\n        color: #999;\n        margin: 0 0 24px;\n        font-weight: 400\n    }\n\n    .rm-video-entry__meta {\n        font-size: 13px;\n        color: #666;\n        display: flex;\n        justify-content: center;\n        align-items: center;\n        gap: 16px;\n        flex-wrap: wrap\n    }\n\n    .rm-video-entry__meta span {\n        display: flex;\n        align-items: center;\n        gap: 5px\n    }\n\n    .rm-video-entry__meta .rm-dot {\n        width: 4px;\n        height: 4px;\n        border-radius: 50%;\n        background: #444\n    }\n\n    .rm-video-embed {\n        position: relative;\n        width: 100%;\n        padding-bottom: 56.25%;\n        background: #0a0a0a;\n        border-radius: 16px;\n        overflow: hidden;\n        margin-bottom: 48px;\n        box-shadow: 0 20px 60px rgba(0, 0, 0, 0.5);\n        border: 1px solid rgba(255, 255, 255, 0.06)\n    }\n\n    .rm-video-embed iframe {\n        position: absolute;\n        top: 0;\n        left: 0;\n        width: 100%;\n        height: 100%;\n        border: none\n    }\n\n    .rm-video-entry__intro {\n        padding: 28px 32px;\n        background: linear-gradient(135deg, rgba(201, 169, 98, 0.06) 0%, rgba(201, 169, 98, 0.02) 100%);\n        border-left: 4px solid #c9a962;\n        border-radius: 0 12px 12px 0;\n        margin-bottom: 48px;\n        font-size: 16px;\n        color: #ccc;\n        line-height: 1.7\n    }\n\n    .rm-video-entry__intro strong {\n        color: #fff\n    }\n\n    .rm-video-entry__quote {\n        margin: 32px 0;\n        padding: 28px 32px;\n        background: linear-gradient(135deg, rgba(16, 185, 129, 0.06) 0%, rgba(16, 185, 129, 0.02) 100%);\n        border-left: 4px solid #10b981;\n        border-radius: 0 12px 12px 0;\n        font-size: 19px;\n        font-style: italic;\n        font-weight: 500;\n        color: #fff;\n        line-height: 1.6\n    }\n\n    .rm-video-entry__quote span {\n        display: block;\n        margin-top: 12px;\n        font-size: 13px;\n        font-style: normal;\n        font-weight: 600;\n        color: #10b981;\n        letter-spacing: 1px;\n        text-transform: uppercase\n    }\n\n    .rm-video-entry__content {\n        margin-top: 32px\n    }\n\n    .rm-video-entry__content p {\n        color: rgba(255, 255, 255, 0.7);\n        margin-bottom: 20px\n    }\n\n    .rm-video-entry__content h3 {\n        font-size: 22px;\n        font-weight: 700;\n        color: #fff;\n        margin: 40px 0 16px;\n        padding-left: 16px;\n        border-left: 3px solid #c9a962\n    }\n\n    .rm-video-entry__viral {\n        margin: 40px 0;\n        padding: 24px;\n        background: linear-gradient(135deg, rgba(201, 169, 98, 0.1) 0%, rgba(201, 169, 98, 0.03) 100%);\n        border: 1px solid rgba(201, 169, 98, 0.2);\n        border-radius: 12px;\n        text-align: center\n    }\n\n    .rm-video-entry__viral p {\n        color: #ccc;\n        font-size: 15px;\n        margin: 0 0 8px\n    }\n\n    .rm-video-entry__viral strong {\n        color: #c9a962;\n        font-size: 24px\n    }\n\n    @media(max-width:600px) {\n        .rm-video-entry {\n            padding: 40px 16px 60px;\n            font-size: 16px\n        }\n\n        .rm-video-entry__title {\n            font-size: 24px\n        }\n\n        .rm-video-entry__quote {\n            padding: 20px;\n            font-size: 17px\n        }\n    }\n<\/style><div class=\"rm-video-entry\"><header class=\"rm-video-entry__header\"><span class=\"rm-video-entry__badge\">\u25ba V\u00eddeo \u00b7 Rueda de Prensa<\/span><h1 class=\"rm-video-entry__title\">Un discurso para la historia: va m\u00e1s all\u00e1 de lo deportivo, son\n            valores<\/h1><p class=\"rm-video-entry__subtitle\">Las palabras de Robert Moreno que dieron la vuelta al mundo<\/p><div class=\"rm-video-entry__meta\"><span>\ud83c\udfa5 <strong>Diario AS<\/strong><\/span><span class=\"rm-dot\"><\/span><span>Rueda de prensa<\/span><span class=\"rm-dot\"><\/span><span>Selecci\u00f3n Espa\u00f1ola<\/span><\/div><\/header><div class=\"rm-video-embed\"><iframe src=\"https:\/\/www.youtube.com\/embed\/lsr_dEeg0DQ\" title=\"Robert Moreno - Discurso para la historia | Diario AS\" allow=\"accelerometer; autoplay; clipboard-write; encrypted-media; gyroscope; picture-in-picture\" allowfullscreen=\"\" loading=\"lazy\"><\/iframe><\/div><div class=\"rm-video-entry__viral\"><p>Publicado por Diario AS<\/p><strong>+10.000 visualizaciones<\/strong><p style=\"margin-top:8px\">\u00abUn ejemplo de valores como deportista y persona\u00bb<\/p><\/div><div class=\"rm-video-entry__intro\"><strong>Contexto:<\/strong> Las palabras de Robert Moreno en esta rueda de prensa como seleccionador nacional de\n        Espa\u00f1a dieron la vuelta al mundo. Un discurso que trasciende lo deportivo para hablar de valores,\n        compromiso ininterrumpido, y lo que significa vestir el escudo de la Selecci\u00f3n Espa\u00f1ola en cada\n        minuto de cada d\u00eda.\n    <\/div><div class=\"rm-video-entry__quote\">\u00abVa m\u00e1s all\u00e1 de lo deportivo. Son valores. Es el compromiso con lo que representas. Es\n        entender que cuando llevas ese escudo, no te lo pones solo el d\u00eda del partido, lo llevas cada d\u00eda,\n        en cada decisi\u00f3n, en cada gesto.\u00bb\n        <span>\u2014 Robert Moreno<\/span><\/div><div class=\"rm-video-entry__content\"><h3>Por qu\u00e9 este v\u00eddeo import\u00f3<\/h3><p>En un mundo del f\u00fatbol donde las ruedas de prensa suelen ser f\u00f3rmulas repetidas, Robert Moreno\n            rompi\u00f3 el molde con un discurso sincero, emotivo y valiente que conect\u00f3 con aficionados\n            m\u00e1s all\u00e1 del f\u00fatbol.<\/p><p>El v\u00eddeo, publicado por Diario AS, fue compartido masivamente en redes sociales y medios de\n            comunicaci\u00f3n como ejemplo de lo que deber\u00eda ser el liderazgo en el deporte: autenticidad,\n            responsabilidad y una defensa inquebrantable de los valores humanos por encima de los resultados.<\/p><p>Un testimonio que resume la filosof\u00eda de Robert Moreno: el f\u00fatbol como veh\u00edculo de\n            valores, el entrenador como referente y la importancia de ser coherente entre lo que dices y lo que haces.\n        <\/p><\/div><p style=\"margin-top:48px;\"><a href=\"https:\/\/robert-moreno.es\/prensa-3\/\" style=\"color:#c9a962;text-decoration:none;\">\u2190 Volver a Sala de Prensa<\/a><\/p><\/div>\n","protected":false},"excerpt":{"rendered":"<p>\u25ba V\u00eddeo \u00b7 Rueda de Prensa Un discurso para la historia: va m\u00e1s all\u00e1 de lo deportivo, son valores Las palabras de Robert Moreno que dieron la vuelta al mundo \ud83c\udfa5 Diario ASRueda de prensaSelecci\u00f3n Espa\u00f1ola Publicado por Diario AS +10.000 visualizaciones \u00abUn ejemplo de valores como deportista y persona\u00bb Contexto: Las palabras de Robert [&hellip;]<\/p>\n","protected":false},"author":1,"featured_media":10297,"comment_status":"closed","ping_status":"closed","sticky":false,"template":"","format":"standard","meta":{"_angie_page":false,"page_builder":"","footnotes":""},"categories":[93,51,97],"tags":[],"class_list":["post-10295","post","type-post","status-publish","format-standard","has-post-thumbnail","hentry","category-conferences-de-presse","category-presse","category-videos"],"_links":{"self":[{"href":"https:\/\/robert-moreno.es\/fr\/wp-json\/wp\/v2\/posts\/10295","targetHints":{"allow":["GET"]}}],"collection":[{"href":"https:\/\/robert-moreno.es\/fr\/wp-json\/wp\/v2\/posts"}],"about":[{"href":"https:\/\/robert-moreno.es\/fr\/wp-json\/wp\/v2\/types\/post"}],"author":[{"embeddable":true,"href":"https:\/\/robert-moreno.es\/fr\/wp-json\/wp\/v2\/users\/1"}],"replies":[{"embeddable":true,"href":"https:\/\/robert-moreno.es\/fr\/wp-json\/wp\/v2\/comments?post=10295"}],"version-history":[{"count":1,"href":"https:\/\/robert-moreno.es\/fr\/wp-json\/wp\/v2\/posts\/10295\/revisions"}],"predecessor-version":[{"id":10298,"href":"https:\/\/robert-moreno.es\/fr\/wp-json\/wp\/v2\/posts\/10295\/revisions\/10298"}],"wp:featuredmedia":[{"embeddable":true,"href":"https:\/\/robert-moreno.es\/fr\/wp-json\/wp\/v2\/media\/10297"}],"wp:attachment":[{"href":"https:\/\/robert-moreno.es\/fr\/wp-json\/wp\/v2\/media?parent=10295"}],"wp:term":[{"taxonomy":"category","embeddable":true,"href":"https:\/\/robert-moreno.es\/fr\/wp-json\/wp\/v2\/categories?post=10295"},{"taxonomy":"post_tag","embeddable":true,"href":"https:\/\/robert-moreno.es\/fr\/wp-json\/wp\/v2\/tags?post=10295"}],"curies":[{"name":"wp","href":"https:\/\/api.w.org\/{rel}","templated":true}]}}