{"id":11373,"date":"2026-09-03T08:34:36","date_gmt":"2026-09-03T06:34:36","guid":{"rendered":"https:\/\/robert-moreno.es\/comunicat-robert-moreno-seleccionador-corea-del-sud\/"},"modified":"2026-09-03T08:38:04","modified_gmt":"2026-09-03T06:38:04","slug":"comunicat-robert-moreno-seleccionador-corea-del-sud","status":"publish","type":"post","link":"https:\/\/robert-moreno.es\/ca\/comunicat-robert-moreno-seleccionador-corea-del-sud\/","title":{"rendered":"Robert Moreno, seleccionador de Corea del Sud"},"content":{"rendered":"\n<p style=\"color:#ccc;font-size:1.05rem;line-height:1.7;\"><strong style=\"color:#fff;\">La Federaci\u00f3 Coreana de Futbol va anunciar l&#8217;1 de setembre el nomenament de Robert Moreno com a seleccionador de Corea del Sud. Dirigir\u00e0 el combinat nacional en sis partits, fins al 27 de novembre.<\/strong><\/p>\n\n<p>El consell de la Federaci\u00f3 Coreana de Futbol (KFA) va aprovar l&#8217;1 de setembre, al Korea Football Park de Cheonan, el nomenament de Robert Moreno com a seleccionador de Corea del Sud. El mandat compr\u00e8n sis partits internacionals &mdash;dos al setembre, dos a l&#8217;octubre i dos al novembre&mdash; i s&#8217;est\u00e9n fins al 27 de novembre de 2026.<\/p>\n\n<p>Moreno \u00e9s el primer entrenador espanyol que dirigeix la selecci\u00f3 absoluta coreana i el primer designat mitjan\u00e7ant convocat\u00f2ria p\u00fablica oberta en la hist\u00f2ria de la federaci\u00f3, un proc\u00e9s al qual va conc\u00f3rrer amb altres candidats i que es va resoldre despr\u00e9s d&#8217;una fase documental i una entrevista.<\/p>\n\n<p>L&#8217;acompanyen <strong>Eduardo Docampo<\/strong> com a primer assistent, <strong>Jacint Magriny\u00e0<\/strong> en an\u00e0lisi i metodologia, <strong>V\u00edctor Bravo de Soto<\/strong> en t\u00e0ctica, <strong>Javier Chocarro<\/strong> en preparaci\u00f3 f\u00edsica i <strong>Nico Bosch<\/strong> com a entrenador de porters. El cos t\u00e8cnic s&#8217;instal\u00b7la a Cheonan i seguir\u00e0 la K League de manera presencial.<\/p>\n\n<p>El primer comprom\u00eds \u00e9s la Hana Bank Invitational, amb <strong>l&#8217;Equador el 24 de setembre<\/strong> i <strong>l&#8217;Uruguai el 28<\/strong>, tots dos a casa. A l&#8217;octubre, <strong>Vene\u00e7uela el dia 2<\/strong> i <strong>l&#8217;Uzbekistan el 6<\/strong>. Els dos partits de novembre es disputaran entre el 9 i el 17.<\/p>\n\n<blockquote style=\"border-left:4px solid #D4AF37;padding:20px 26px;margin:32px 0;background:rgba(212,175,55,.06);\"><p style=\"font-style:italic;color:#e8e8e8;margin:0;\">&laquo;\u00c9s un honor i \u00e9s una responsabilitat. Conec i respecto el futbol core\u00e0 des de fa anys, i ara em toca treballar per ell. No prometr\u00e9 resultats: prometo feina, honestedat i respecte. El que haguem de dir, ho direm al camp.&raquo;<\/p><\/blockquote>\n\n<p>Robert Moreno atendr\u00e0 els mitjans en la seva presentaci\u00f3 oficial a Corea del Sud. Fins aleshores no concedir\u00e0 entrevistes.<\/p>\n\n<hr style=\"border:0;border-top:1px solid #2a2a2a;margin:36px 0 20px;\">\n<p style=\"font-size:.85rem;color:#888;\">Contacte de premsa: <a href=\"mailto:media@robert-moreno.com\" style=\"color:#D4AF37;\">media@robert-moreno.com<\/a><\/p>\n","protected":false},"excerpt":{"rendered":"<p>La Federaci\u00f3 Coreana de Futbol va anunciar l&#8217;1 de setembre el seu nomenament. Dirigir\u00e0 el combinat nacional en sis partits, fins al 27 de novembre.<\/p>\n","protected":false},"author":1,"featured_media":11368,"comment_status":"closed","ping_status":"closed","sticky":false,"template":"","format":"standard","meta":{"page_builder":"","footnotes":""},"categories":[25,79,69,73,20],"tags":[],"class_list":["post-11373","post","type-post","status-publish","format-standard","has-post-thumbnail","hentry","category-comunicados","category-comunicats","category-destacats","category-premsa","category-sala-prensa"],"yoast_head":"<!-- This site is optimized with the Yoast SEO Premium plugin v28.4 (Yoast SEO v28.4) - https:\/\/yoast.com\/product\/yoast-seo-premium-wordpress\/ -->\n<title>Robert Moreno, seleccionador de Corea del Sud | Comunicat<\/title>\n<meta name=\"description\" content=\"La KFA va anunciar l&#039;1 de setembre el nomenament de Robert Moreno com a seleccionador de Corea del Sud: sis partits fins al 27 de novembre de 2026.\" \/>\n<meta name=\"robots\" content=\"index, follow, max-snippet:-1, max-image-preview:large, max-video-preview:-1\" \/>\n<link rel=\"canonical\" href=\"https:\/\/robert-moreno.es\/ca\/comunicat-robert-moreno-seleccionador-corea-del-sud\/\" \/>\n<meta property=\"og:locale\" content=\"ca_ES\" \/>\n<meta property=\"og:type\" content=\"article\" \/>\n<meta property=\"og:title\" content=\"Robert Moreno, seleccionador de Corea del Sud\" \/>\n<meta property=\"og:description\" content=\"La KFA va anunciar l&#039;1 de setembre el nomenament de Robert Moreno com a seleccionador de Corea del Sud: sis partits fins al 27 de novembre de 2026.\" \/>\n<meta property=\"og:url\" content=\"https:\/\/robert-moreno.es\/ca\/comunicat-robert-moreno-seleccionador-corea-del-sud\/\" \/>\n<meta property=\"og:site_name\" content=\"Robert Moreno - Entrenador de f\u00fatbol\" \/>\n<meta property=\"article:published_time\" content=\"2026-09-03T06:34:36+00:00\" \/>\n<meta property=\"article:modified_time\" content=\"2026-09-03T06:38:04+00:00\" \/>\n<meta property=\"og:image\" content=\"https:\/\/robert-moreno.es\/wp-content\/uploads\/2026\/09\/robert-moreno-seleccionador-corea-2026.webp\" \/>\n\t<meta property=\"og:image:width\" content=\"1200\" \/>\n\t<meta property=\"og:image:height\" content=\"630\" \/>\n\t<meta property=\"og:image:type\" content=\"image\/webp\" \/>\n<meta name=\"author\" content=\"Robert Moreno\" \/>\n<meta name=\"twitter:card\" content=\"summary_large_image\" \/>\n<meta name=\"twitter:label1\" content=\"Escrit per\" \/>\n\t<meta name=\"twitter:data1\" content=\"Robert Moreno\" \/>\n\t<meta name=\"twitter:label2\" content=\"Temps estimat de lectura\" \/>\n\t<meta name=\"twitter:data2\" content=\"2 minuts\" \/>\n<script type=\"application\/ld+json\" class=\"yoast-schema-graph\">{\"@context\":\"https:\\\/\\\/schema.org\",\"@graph\":[{\"@type\":\"Article\",\"@id\":\"https:\\\/\\\/robert-moreno.es\\\/ca\\\/comunicat-robert-moreno-seleccionador-corea-del-sud\\\/#article\",\"isPartOf\":{\"@id\":\"https:\\\/\\\/robert-moreno.es\\\/ca\\\/comunicat-robert-moreno-seleccionador-corea-del-sud\\\/\"},\"author\":{\"name\":\"Robert Moreno\",\"@id\":\"https:\\\/\\\/robert-moreno.es\\\/ca\\\/#\\\/schema\\\/person\\\/100bfa4e74aa38c9da58d9b64f1bb691\"},\"headline\":\"Robert Moreno, seleccionador de Corea del Sud\",\"datePublished\":\"2026-09-03T06:34:36+00:00\",\"dateModified\":\"2026-09-03T06:38:04+00:00\",\"mainEntityOfPage\":{\"@id\":\"https:\\\/\\\/robert-moreno.es\\\/ca\\\/comunicat-robert-moreno-seleccionador-corea-del-sud\\\/\"},\"wordCount\":323,\"publisher\":{\"@id\":\"https:\\\/\\\/robert-moreno.es\\\/ca\\\/#organization\"},\"image\":{\"@id\":\"https:\\\/\\\/robert-moreno.es\\\/ca\\\/comunicat-robert-moreno-seleccionador-corea-del-sud\\\/#primaryimage\"},\"thumbnailUrl\":\"https:\\\/\\\/robert-moreno.es\\\/wp-content\\\/uploads\\\/2026\\\/09\\\/robert-moreno-seleccionador-corea-2026.webp\",\"articleSection\":[\"Comunicados\",\"Comunicats\",\"Destacats\",\"Premsa\",\"Prensa\"],\"inLanguage\":\"ca\",\"copyrightYear\":\"2026\",\"copyrightHolder\":{\"@id\":\"https:\\\/\\\/robert-moreno.es\\\/#organization\"}},{\"@type\":\"WebPage\",\"@id\":\"https:\\\/\\\/robert-moreno.es\\\/ca\\\/comunicat-robert-moreno-seleccionador-corea-del-sud\\\/\",\"url\":\"https:\\\/\\\/robert-moreno.es\\\/ca\\\/comunicat-robert-moreno-seleccionador-corea-del-sud\\\/\",\"name\":\"Robert Moreno, seleccionador de Corea del Sud | Comunicat\",\"isPartOf\":{\"@id\":\"https:\\\/\\\/robert-moreno.es\\\/ca\\\/#website\"},\"primaryImageOfPage\":{\"@id\":\"https:\\\/\\\/robert-moreno.es\\\/ca\\\/comunicat-robert-moreno-seleccionador-corea-del-sud\\\/#primaryimage\"},\"image\":{\"@id\":\"https:\\\/\\\/robert-moreno.es\\\/ca\\\/comunicat-robert-moreno-seleccionador-corea-del-sud\\\/#primaryimage\"},\"thumbnailUrl\":\"https:\\\/\\\/robert-moreno.es\\\/wp-content\\\/uploads\\\/2026\\\/09\\\/robert-moreno-seleccionador-corea-2026.webp\",\"datePublished\":\"2026-09-03T06:34:36+00:00\",\"dateModified\":\"2026-09-03T06:38:04+00:00\",\"description\":\"La KFA va anunciar l'1 de setembre el nomenament de Robert Moreno com a seleccionador de Corea del Sud: sis partits fins al 27 de novembre de 2026.\",\"breadcrumb\":{\"@id\":\"https:\\\/\\\/robert-moreno.es\\\/ca\\\/comunicat-robert-moreno-seleccionador-corea-del-sud\\\/#breadcrumb\"},\"inLanguage\":\"ca\",\"potentialAction\":[{\"@type\":\"ReadAction\",\"target\":[\"https:\\\/\\\/robert-moreno.es\\\/ca\\\/comunicat-robert-moreno-seleccionador-corea-del-sud\\\/\"]}]},{\"@type\":\"ImageObject\",\"inLanguage\":\"ca\",\"@id\":\"https:\\\/\\\/robert-moreno.es\\\/ca\\\/comunicat-robert-moreno-seleccionador-corea-del-sud\\\/#primaryimage\",\"url\":\"https:\\\/\\\/robert-moreno.es\\\/wp-content\\\/uploads\\\/2026\\\/09\\\/robert-moreno-seleccionador-corea-2026.webp\",\"contentUrl\":\"https:\\\/\\\/robert-moreno.es\\\/wp-content\\\/uploads\\\/2026\\\/09\\\/robert-moreno-seleccionador-corea-2026.webp\",\"width\":1200,\"height\":630,\"caption\":\"Robert Moreno, seleccionador de Corea del Sur\"},{\"@type\":\"BreadcrumbList\",\"@id\":\"https:\\\/\\\/robert-moreno.es\\\/ca\\\/comunicat-robert-moreno-seleccionador-corea-del-sud\\\/#breadcrumb\",\"itemListElement\":[{\"@type\":\"ListItem\",\"position\":1,\"name\":\"Portada\",\"item\":\"https:\\\/\\\/robert-moreno.es\\\/ca\\\/\"},{\"@type\":\"ListItem\",\"position\":2,\"name\":\"Robert Moreno, seleccionador de Corea del Sud\"}]},{\"@type\":\"WebSite\",\"@id\":\"https:\\\/\\\/robert-moreno.es\\\/ca\\\/#website\",\"url\":\"https:\\\/\\\/robert-moreno.es\\\/ca\\\/\",\"name\":\"Robert Moreno - Entrenador de f\u00fatbol\",\"description\":\"Entrenador de f\u00fatbol\",\"publisher\":{\"@id\":\"https:\\\/\\\/robert-moreno.es\\\/ca\\\/#organization\"},\"potentialAction\":[{\"@type\":\"SearchAction\",\"target\":{\"@type\":\"EntryPoint\",\"urlTemplate\":\"https:\\\/\\\/robert-moreno.es\\\/ca\\\/?s={search_term_string}\"},\"query-input\":{\"@type\":\"PropertyValueSpecification\",\"valueRequired\":true,\"valueName\":\"search_term_string\"}}],\"inLanguage\":\"ca\"},{\"@type\":\"Person\",\"@id\":\"https:\\\/\\\/robert-moreno.es\\\/ca\\\/#\\\/schema\\\/person\\\/100bfa4e74aa38c9da58d9b64f1bb691\",\"name\":\"Robert Moreno\",\"image\":{\"@type\":\"ImageObject\",\"inLanguage\":\"ca\",\"@id\":\"https:\\\/\\\/robert-moreno.es\\\/wp-content\\\/litespeed\\\/avatar\\\/49c4d4a0c545e139d536817316491363.jpg?ver=1788196358\",\"url\":\"https:\\\/\\\/robert-moreno.es\\\/wp-content\\\/litespeed\\\/avatar\\\/49c4d4a0c545e139d536817316491363.jpg?ver=1788196358\",\"contentUrl\":\"https:\\\/\\\/robert-moreno.es\\\/wp-content\\\/litespeed\\\/avatar\\\/49c4d4a0c545e139d536817316491363.jpg?ver=1788196358\",\"caption\":\"Robert Moreno\"},\"description\":\"Robert Moreno Gonz\u00e1lez (Barcelona, 1977) es entrenador de f\u00fatbol con licencia UEFA Pro. Ex Seleccionador Nacional de Espa\u00f1a (2019, clasificaci\u00f3n invicta a la Eurocopa 2020) y miembro del cuerpo t\u00e9cnico del FC Barcelona con Luis Enrique (2014-2017): Triplete 2014-15 (Champions League, LaLiga, Copa del Rey) y 9 t\u00edtulos en tres temporadas. T\u00e9cnico principal en AS M\u00f3naco, Granada CF y PFC Sochi (ascenso a la Premier League rusa, 2025). Habla cinco idiomas y ha entrenado en cinco pa\u00edses. Pionero del an\u00e1lisis de v\u00eddeo y scouting digital en Espa\u00f1a. Autor de \u00abMi receta del 4-4-2\u00bb.\",\"sameAs\":[\"https:\\\/\\\/robert-moreno.com\",\"https:\\\/\\\/www.instagram.com\\\/robertmoreno\\\/\",\"https:\\\/\\\/www.linkedin.com\\\/in\\\/robertmorenocoach\\\/\"],\"url\":\"https:\\\/\\\/robert-moreno.es\\\/ca\\\/author\\\/robert-moreno\\\/\"},{\"@type\":\"ImageObject\",\"inLanguage\":\"ca\",\"@id\":\"https:\\\/\\\/robert-moreno.es\\\/ca\\\/comunicat-robert-moreno-seleccionador-corea-del-sud\\\/#local-main-organization-logo\",\"url\":\"https:\\\/\\\/robert-moreno.es\\\/wp-content\\\/uploads\\\/2026\\\/02\\\/LogoRobertMoreno-e1772804580395.jpg\",\"contentUrl\":\"https:\\\/\\\/robert-moreno.es\\\/wp-content\\\/uploads\\\/2026\\\/02\\\/LogoRobertMoreno-e1772804580395.jpg\",\"width\":800,\"height\":313,\"caption\":\"Robert Moreno - Entrenador de f\u00fatbol\"}]}<\/script>\n<!-- \/ Yoast SEO Premium plugin. -->","yoast_head_json":{"title":"Robert Moreno, seleccionador de Corea del Sud | Comunicat","description":"La KFA va anunciar l'1 de setembre el nomenament de Robert Moreno com a seleccionador de Corea del Sud: sis partits fins al 27 de novembre de 2026.","robots":{"index":"index","follow":"follow","max-snippet":"max-snippet:-1","max-image-preview":"max-image-preview:large","max-video-preview":"max-video-preview:-1"},"canonical":"https:\/\/robert-moreno.es\/ca\/comunicat-robert-moreno-seleccionador-corea-del-sud\/","og_locale":"ca_ES","og_type":"article","og_title":"Robert Moreno, seleccionador de Corea del Sud","og_description":"La KFA va anunciar l'1 de setembre el nomenament de Robert Moreno com a seleccionador de Corea del Sud: sis partits fins al 27 de novembre de 2026.","og_url":"https:\/\/robert-moreno.es\/ca\/comunicat-robert-moreno-seleccionador-corea-del-sud\/","og_site_name":"Robert Moreno - Entrenador de f\u00fatbol","article_published_time":"2026-09-03T06:34:36+00:00","article_modified_time":"2026-09-03T06:38:04+00:00","og_image":[{"width":1200,"height":630,"url":"https:\/\/robert-moreno.es\/wp-content\/uploads\/2026\/09\/robert-moreno-seleccionador-corea-2026.webp","type":"image\/webp"}],"author":"Robert Moreno","twitter_card":"summary_large_image","twitter_misc":{"Escrit per":"Robert Moreno","Temps estimat de lectura":"2 minuts"},"schema":{"@context":"https:\/\/schema.org","@graph":[{"@type":"Article","@id":"https:\/\/robert-moreno.es\/ca\/comunicat-robert-moreno-seleccionador-corea-del-sud\/#article","isPartOf":{"@id":"https:\/\/robert-moreno.es\/ca\/comunicat-robert-moreno-seleccionador-corea-del-sud\/"},"author":{"name":"Robert Moreno","@id":"https:\/\/robert-moreno.es\/ca\/#\/schema\/person\/100bfa4e74aa38c9da58d9b64f1bb691"},"headline":"Robert Moreno, seleccionador de Corea del Sud","datePublished":"2026-09-03T06:34:36+00:00","dateModified":"2026-09-03T06:38:04+00:00","mainEntityOfPage":{"@id":"https:\/\/robert-moreno.es\/ca\/comunicat-robert-moreno-seleccionador-corea-del-sud\/"},"wordCount":323,"publisher":{"@id":"https:\/\/robert-moreno.es\/ca\/#organization"},"image":{"@id":"https:\/\/robert-moreno.es\/ca\/comunicat-robert-moreno-seleccionador-corea-del-sud\/#primaryimage"},"thumbnailUrl":"https:\/\/robert-moreno.es\/wp-content\/uploads\/2026\/09\/robert-moreno-seleccionador-corea-2026.webp","articleSection":["Comunicados","Comunicats","Destacats","Premsa","Prensa"],"inLanguage":"ca","copyrightYear":"2026","copyrightHolder":{"@id":"https:\/\/robert-moreno.es\/#organization"}},{"@type":"WebPage","@id":"https:\/\/robert-moreno.es\/ca\/comunicat-robert-moreno-seleccionador-corea-del-sud\/","url":"https:\/\/robert-moreno.es\/ca\/comunicat-robert-moreno-seleccionador-corea-del-sud\/","name":"Robert Moreno, seleccionador de Corea del Sud | Comunicat","isPartOf":{"@id":"https:\/\/robert-moreno.es\/ca\/#website"},"primaryImageOfPage":{"@id":"https:\/\/robert-moreno.es\/ca\/comunicat-robert-moreno-seleccionador-corea-del-sud\/#primaryimage"},"image":{"@id":"https:\/\/robert-moreno.es\/ca\/comunicat-robert-moreno-seleccionador-corea-del-sud\/#primaryimage"},"thumbnailUrl":"https:\/\/robert-moreno.es\/wp-content\/uploads\/2026\/09\/robert-moreno-seleccionador-corea-2026.webp","datePublished":"2026-09-03T06:34:36+00:00","dateModified":"2026-09-03T06:38:04+00:00","description":"La KFA va anunciar l'1 de setembre el nomenament de Robert Moreno com a seleccionador de Corea del Sud: sis partits fins al 27 de novembre de 2026.","breadcrumb":{"@id":"https:\/\/robert-moreno.es\/ca\/comunicat-robert-moreno-seleccionador-corea-del-sud\/#breadcrumb"},"inLanguage":"ca","potentialAction":[{"@type":"ReadAction","target":["https:\/\/robert-moreno.es\/ca\/comunicat-robert-moreno-seleccionador-corea-del-sud\/"]}]},{"@type":"ImageObject","inLanguage":"ca","@id":"https:\/\/robert-moreno.es\/ca\/comunicat-robert-moreno-seleccionador-corea-del-sud\/#primaryimage","url":"https:\/\/robert-moreno.es\/wp-content\/uploads\/2026\/09\/robert-moreno-seleccionador-corea-2026.webp","contentUrl":"https:\/\/robert-moreno.es\/wp-content\/uploads\/2026\/09\/robert-moreno-seleccionador-corea-2026.webp","width":1200,"height":630,"caption":"Robert Moreno, seleccionador de Corea del Sur"},{"@type":"BreadcrumbList","@id":"https:\/\/robert-moreno.es\/ca\/comunicat-robert-moreno-seleccionador-corea-del-sud\/#breadcrumb","itemListElement":[{"@type":"ListItem","position":1,"name":"Portada","item":"https:\/\/robert-moreno.es\/ca\/"},{"@type":"ListItem","position":2,"name":"Robert Moreno, seleccionador de Corea del Sud"}]},{"@type":"WebSite","@id":"https:\/\/robert-moreno.es\/ca\/#website","url":"https:\/\/robert-moreno.es\/ca\/","name":"Robert Moreno - Entrenador de f\u00fatbol","description":"Entrenador de f\u00fatbol","publisher":{"@id":"https:\/\/robert-moreno.es\/ca\/#organization"},"potentialAction":[{"@type":"SearchAction","target":{"@type":"EntryPoint","urlTemplate":"https:\/\/robert-moreno.es\/ca\/?s={search_term_string}"},"query-input":{"@type":"PropertyValueSpecification","valueRequired":true,"valueName":"search_term_string"}}],"inLanguage":"ca"},{"@type":"Person","@id":"https:\/\/robert-moreno.es\/ca\/#\/schema\/person\/100bfa4e74aa38c9da58d9b64f1bb691","name":"Robert Moreno","image":{"@type":"ImageObject","inLanguage":"ca","@id":"https:\/\/robert-moreno.es\/wp-content\/litespeed\/avatar\/49c4d4a0c545e139d536817316491363.jpg?ver=1788196358","url":"https:\/\/robert-moreno.es\/wp-content\/litespeed\/avatar\/49c4d4a0c545e139d536817316491363.jpg?ver=1788196358","contentUrl":"https:\/\/robert-moreno.es\/wp-content\/litespeed\/avatar\/49c4d4a0c545e139d536817316491363.jpg?ver=1788196358","caption":"Robert Moreno"},"description":"Robert Moreno Gonz\u00e1lez (Barcelona, 1977) es entrenador de f\u00fatbol con licencia UEFA Pro. Ex Seleccionador Nacional de Espa\u00f1a (2019, clasificaci\u00f3n invicta a la Eurocopa 2020) y miembro del cuerpo t\u00e9cnico del FC Barcelona con Luis Enrique (2014-2017): Triplete 2014-15 (Champions League, LaLiga, Copa del Rey) y 9 t\u00edtulos en tres temporadas. T\u00e9cnico principal en AS M\u00f3naco, Granada CF y PFC Sochi (ascenso a la Premier League rusa, 2025). Habla cinco idiomas y ha entrenado en cinco pa\u00edses. Pionero del an\u00e1lisis de v\u00eddeo y scouting digital en Espa\u00f1a. Autor de \u00abMi receta del 4-4-2\u00bb.","sameAs":["https:\/\/robert-moreno.com","https:\/\/www.instagram.com\/robertmoreno\/","https:\/\/www.linkedin.com\/in\/robertmorenocoach\/"],"url":"https:\/\/robert-moreno.es\/ca\/author\/robert-moreno\/"},{"@type":"ImageObject","inLanguage":"ca","@id":"https:\/\/robert-moreno.es\/ca\/comunicat-robert-moreno-seleccionador-corea-del-sud\/#local-main-organization-logo","url":"https:\/\/robert-moreno.es\/wp-content\/uploads\/2026\/02\/LogoRobertMoreno-e1772804580395.jpg","contentUrl":"https:\/\/robert-moreno.es\/wp-content\/uploads\/2026\/02\/LogoRobertMoreno-e1772804580395.jpg","width":800,"height":313,"caption":"Robert Moreno - Entrenador de f\u00fatbol"}]}},"_links":{"self":[{"href":"https:\/\/robert-moreno.es\/ca\/wp-json\/wp\/v2\/posts\/11373","targetHints":{"allow":["GET"]}}],"collection":[{"href":"https:\/\/robert-moreno.es\/ca\/wp-json\/wp\/v2\/posts"}],"about":[{"href":"https:\/\/robert-moreno.es\/ca\/wp-json\/wp\/v2\/types\/post"}],"author":[{"embeddable":true,"href":"https:\/\/robert-moreno.es\/ca\/wp-json\/wp\/v2\/users\/1"}],"replies":[{"embeddable":true,"href":"https:\/\/robert-moreno.es\/ca\/wp-json\/wp\/v2\/comments?post=11373"}],"version-history":[{"count":0,"href":"https:\/\/robert-moreno.es\/ca\/wp-json\/wp\/v2\/posts\/11373\/revisions"}],"wp:featuredmedia":[{"embeddable":true,"href":"https:\/\/robert-moreno.es\/ca\/wp-json\/wp\/v2\/media\/11368"}],"wp:attachment":[{"href":"https:\/\/robert-moreno.es\/ca\/wp-json\/wp\/v2\/media?parent=11373"}],"wp:term":[{"taxonomy":"category","embeddable":true,"href":"https:\/\/robert-moreno.es\/ca\/wp-json\/wp\/v2\/categories?post=11373"},{"taxonomy":"post_tag","embeddable":true,"href":"https:\/\/robert-moreno.es\/ca\/wp-json\/wp\/v2\/tags?post=11373"}],"curies":[{"name":"wp","href":"https:\/\/api.w.org\/{rel}","templated":true}]}}