{"id":10633,"date":"2026-03-09T13:56:17","date_gmt":"2026-03-09T12:56:17","guid":{"rendered":"https:\/\/robert-moreno.es\/robert-moreno-a-tuttomercato-web-el-como-de-cesc-fabregas-esta-fent-evolucionar-tota-la-serie-a\/"},"modified":"2026-03-09T21:01:49","modified_gmt":"2026-03-09T20:01:49","slug":"robert-moreno-a-tuttomercato-web-el-como-de-cesc-fabregas-esta-fent-evolucionar-tota-la-serie-a","status":"publish","type":"post","link":"https:\/\/robert-moreno.es\/ca\/robert-moreno-a-tuttomercato-web-el-como-de-cesc-fabregas-esta-fent-evolucionar-tota-la-serie-a\/","title":{"rendered":"Robert Moreno a TuttoMercato Web: El Como de Cesc F\u00e0bregas est\u00e0 fent evolucionar tota la Serie A"},"content":{"rendered":"<p><!-- Schema.org Article (JSON-LD) --><br \/>\n<script type=\"application\/ld+json\">\n{\n  \"@context\": \"https:\/\/schema.org\",\n  \"@type\": \"Article\",\n  \"headline\": \"Robert Moreno a TuttoMercato Web: El Como de Cesc F\u00e0bregas est\u00e0 evolucionant tota la Serie A\",\n  \"description\": \"Robert Moreno analitza en exclusiva per a TuttoMercato Web el projecte del Como sota Cesc F\u00e0bregas, el seu vincle amb It\u00e0lia i la seva experi\u00e8ncia entrenant Tchouam\u00e9ni a l'AS Monaco.\",\n  \"author\": {\n    \"@type\": \"Person\",\n    \"name\": \"Robert Moreno\",\n    \"url\": \"https:\/\/robert-moreno.es\/ca\/sobre-mi\/\",\n    \"jobTitle\": \"Entrenador de Futbol Professional\",\n    \"sameAs\": [\n      \"https:\/\/www.instagram.com\/robertmoreno\/\",\n      \"https:\/\/ca.wikipedia.org\/wiki\/Robert_Moreno\"\n    ]\n  },\n  \"publisher\": {\n    \"@type\": \"Organization\",\n    \"name\": \"Robert Moreno \u2013 Lloc Web Oficial\",\n    \"url\": \"https:\/\/robert-moreno.es\",\n    \"logo\": {\n      \"@type\": \"ImageObject\",\n      \"url\": \"https:\/\/robert-moreno.es\/wp-content\/uploads\/logo-rm.png\"\n    }\n  },\n  \"datePublished\": \"2026-03-09\",\n  \"dateModified\": \"2026-03-09\",\n  \"mainEntityOfPage\": \"https:\/\/robert-moreno.es\/ca\/interview-tuttomercatoweb-como-fabregas\/\",\n  \"image\": \"https:\/\/robert-moreno.es\/wp-content\/uploads\/tmw-interview-featured.jpg\",\n  \"keywords\": [\"Robert Moreno\", \"TuttoMercato Web\", \"Cesc F\u00e0bregas\", \"Como Calcio\", \"Serie A\", \"Tchouam\u00e9ni\", \"AS Monaco\", \"Entrenador espanyol It\u00e0lia\"],\n  \"articleSection\": \"Sala de Premsa\",\n  \"wordCount\": 750,\n  \"inLanguage\": \"ca\",\n  \"mentions\": [\n    {\n      \"@type\": \"Person\",\n      \"name\": \"Cesc F\u00e0bregas\",\n      \"url\": \"https:\/\/ca.wikipedia.org\/wiki\/Cesc_F%C3%A0bregas\"\n    },\n    {\n      \"@type\": \"Person\",\n      \"name\": \"Aur\u00e9lien Tchouam\u00e9ni\",\n      \"url\": \"https:\/\/ca.wikipedia.org\/wiki\/Aur%C3%A9lien_Tchouam%C3%A9ni\"\n    },\n    {\n      \"@type\": \"SportsTeam\",\n      \"name\": \"Como 1907\",\n      \"sport\": \"Football\"\n    }\n  ]\n}\n<\/script><\/p>\n<style>\n    .rm-article {\n        max-width: 780px;\n        margin: 0 auto;\n        padding: 60px 24px 80px;\n        font-family: 'Montserrat', sans-serif;\n        color: #e0e0e0;\n        line-height: 1.85;\n        font-size: 17px\n    }\n    .rm-article__header {\n        text-align: center;\n        margin-bottom: 56px;\n        padding-bottom: 40px;\n        border-bottom: 1px solid rgba(255, 255, 255, 0.08)\n    }\n    .rm-article__badge {\n        display: inline-flex;\n        align-items: center;\n        gap: 8px;\n        font-size: 11px;\n        font-weight: 700;\n        letter-spacing: 3px;\n        text-transform: uppercase;\n        color: #c9a962;\n        margin-bottom: 20px;\n        padding: 6px 16px;\n        background: rgba(201, 169, 98, 0.08);\n        border-radius: 20px;\n        border: 1px solid rgba(201, 169, 98, 0.2)\n    }\n    .rm-article__title {\n        font-size: clamp(26px, 5vw, 38px);\n        font-weight: 800;\n        color: #fff;\n        line-height: 1.2;\n        margin: 0 0 16px;\n        letter-spacing: -0.5px\n    }\n    .rm-article__subtitle {\n        font-size: 18px;\n        color: #999;\n        margin: 0 0 24px;\n        font-weight: 400\n    }\n    .rm-article__meta {\n        font-size: 13px;\n        color: #666;\n        display: flex;\n        justify-content: center;\n        align-items: center;\n        gap: 16px;\n        flex-wrap: wrap\n    }\n    .rm-article__meta span {\n        display: flex;\n        align-items: center;\n        gap: 5px\n    }\n    .rm-article__meta .rm-dot {\n        width: 4px;\n        height: 4px;\n        border-radius: 50%;\n        background: #444\n    }\n    .rm-article__intro {\n        padding: 28px 32px;\n        background: linear-gradient(135deg, rgba(201, 169, 98, 0.06) 0%, rgba(201, 169, 98, 0.02) 100%);\n        border-left: 4px solid #c9a962;\n        border-radius: 0 12px 12px 0;\n        margin-bottom: 40px;\n        font-size: 16px;\n        color: #ccc;\n        line-height: 1.7\n    }\n    .rm-article__intro strong {\n        color: #fff\n    }\n    .rm-article h2 {\n        font-size: 22px;\n        font-weight: 700;\n        color: #fff;\n        margin: 44px 0 16px;\n        padding-left: 16px;\n        border-left: 3px solid #c9a962;\n        line-height: 1.3\n    }\n    .rm-article p {\n        margin: 0 0 20px;\n        color: rgba(255, 255, 255, 0.7)\n    }\n    .rm-article strong {\n        color: #fff;\n        font-weight: 600\n    }\n    .rm-article__quote {\n        margin: 32px 0;\n        padding: 28px 32px;\n        background: linear-gradient(135deg, rgba(16, 185, 129, 0.06) 0%, rgba(16, 185, 129, 0.02) 100%);\n        border-left: 4px solid #10b981;\n        border-radius: 0 12px 12px 0;\n        font-size: 19px;\n        font-style: italic;\n        font-weight: 500;\n        color: #fff;\n        line-height: 1.6\n    }\n    .rm-article__quote span {\n        display: block;\n        margin-top: 12px;\n        font-size: 13px;\n        font-style: normal;\n        font-weight: 600;\n        color: #10b981;\n        letter-spacing: 1px;\n        text-transform: uppercase\n    }\n    .rm-article__highlights {\n        display: grid;\n        grid-template-columns: repeat(auto-fit, minmax(160px, 1fr));\n        gap: 16px;\n        margin: 32px 0\n    }\n    .rm-article__highlight-card {\n        padding: 24px;\n        background: rgba(201, 169, 98, 0.05);\n        border: 1px solid rgba(201, 169, 98, 0.15);\n        border-radius: 12px;\n        text-align: center\n    }\n    .rm-article__highlight-card .number {\n        font-size: 24px;\n        font-weight: 800;\n        color: #c9a962;\n        display: block;\n        margin-bottom: 4px\n    }\n    .rm-article__highlight-card .label {\n        font-size: 12px;\n        color: #999;\n        letter-spacing: 1px;\n        text-transform: uppercase\n    }\n    .rm-article hr {\n        border: none;\n        height: 1px;\n        background: linear-gradient(to right, transparent, rgba(201, 169, 98, 0.3), transparent);\n        margin: 48px 0\n    }\n    .rm-article__source {\n        display: flex;\n        align-items: center;\n        gap: 16px;\n        padding: 20px 24px;\n        background: rgba(201, 169, 98, 0.04);\n        border: 1px solid rgba(201, 169, 98, 0.12);\n        border-radius: 12px;\n        margin-top: 40px;\n        text-decoration: none;\n        color: #ccc;\n        font-size: 15px;\n        transition: all 0.3s;\n        font-family: 'Montserrat', sans-serif\n    }\n    .rm-article__source:hover {\n        background: rgba(201, 169, 98, 0.1);\n        border-color: rgba(201, 169, 98, 0.3);\n        transform: translateX(4px);\n        color: #fff\n    }\n    .rm-article__source-icon {\n        font-size: 28px;\n        flex-shrink: 0\n    }\n    .rm-article__source-text {\n        display: flex;\n        flex-direction: column;\n        gap: 2px\n    }\n    .rm-article__source-title {\n        font-weight: 700;\n        color: #fff;\n        font-size: 15px\n    }\n    .rm-article__source-sub {\n        font-size: 13px;\n        color: #888\n    }\n    .rm-article__source .rm-arrow {\n        margin-left: auto;\n        color: #c9a962;\n        font-size: 18px;\n        flex-shrink: 0\n    }\n    .rm-article__cta {\n        display: inline-flex;\n        align-items: center;\n        gap: 10px;\n        margin-top: 32px;\n        padding: 14px 28px;\n        background: linear-gradient(135deg, #c9a962, #b8944f);\n        color: #111;\n        font-size: 15px;\n        font-weight: 700;\n        text-decoration: none;\n        border-radius: 10px;\n        letter-spacing: 0.5px;\n        transition: all 0.3s\n    }\n    .rm-article__cta:hover {\n        transform: translateY(-2px);\n        box-shadow: 0 8px 24px rgba(201, 169, 98, 0.3)\n    }\n    \/* \u2500\u2500 Animations \u2500\u2500 *\/\n    .rm-article section {\n        opacity: 0;\n        transform: translateY(30px);\n        animation: rmFadeInUp 0.6s ease forwards\n    }\n    .rm-article section:nth-child(2) {\n        animation-delay: 0.1s\n    }\n    .rm-article section:nth-child(3) {\n        animation-delay: 0.2s\n    }\n    .rm-article section:nth-child(4) {\n        animation-delay: 0.3s\n    }\n    .rm-article section:nth-child(5) {\n        animation-delay: 0.4s\n    }\n    .rm-article section:nth-child(6) {\n        animation-delay: 0.5s\n    }\n    @keyframes rmFadeInUp {\n        to {\n            opacity: 1;\n            transform: translateY(0)\n        }\n    }\n    @media(max-width:600px) {\n        .rm-article {\n            padding: 40px 16px 60px;\n            font-size: 16px\n        }\n        .rm-article__title {\n            font-size: 24px\n        }\n        .rm-article__quote {\n            padding: 20px;\n            font-size: 17px\n        }\n        .rm-article__highlights {\n            grid-template-columns: repeat(2, 1fr)\n        }\n    }\n<\/style>\n<article class=\"rm-article\">\n    <!-- \u2550\u2550\u2550 HEADER \u2550\u2550\u2550 --><\/p>\n<header class=\"rm-article__header\">\n        <span class=\"rm-article__badge\">&#127908; Entrevista &middot; Premsa Internacional<\/span><\/p>\n<h1 class=\"rm-article__title\">Robert Moreno a TuttoMercato Web: &laquo;El Como de Cesc F&agrave;bregas<br \/>\n            est&agrave; evolucionant tota la Serie A&raquo;<\/h1>\n<p class=\"rm-article__subtitle\">El t&egrave;cnic espanyol analitza el projecte del Como, el seu vincle amb<br \/>\n            It&agrave;lia i el seu treball amb Tchouam&eacute;ni a l&#8217;AS Monaco<\/p>\n<div class=\"rm-article__meta\">\n            <span>&#127470;&#127481; <strong>TuttoMercato Web<\/strong><\/span><br \/>\n            <span class=\"rm-dot\"><\/span><br \/>\n            <span>Entrevista exclusiva<\/span><br \/>\n            <span class=\"rm-dot\"><\/span><br \/>\n            <span>9 de mar&ccedil; de 2026<\/span><br \/>\n            <span class=\"rm-dot\"><\/span><br \/>\n            <span>4 min de lectura<\/span>\n        <\/div>\n<\/header>\n<p>    <!-- \u2550\u2550\u2550 INTRO \u2550\u2550\u2550 --><\/p>\n<div class=\"rm-article__intro\">\n        <strong>Robert Moreno<\/strong> va concedir una entrevista exclusiva a <strong>TuttoMercato Web<\/strong>, el<br \/>\n        5&egrave; mitj&agrave; esportiu m&eacute;s visitat d&#8217;It&agrave;lia amb m&eacute;s de 18 milions de visites<br \/>\n        mensuals. A l&#8217;entrevista analitza el projecte del <strong>Como 1907<\/strong> sota les ordres de Cesc<br \/>\n        F&agrave;bregas &mdash;actualment quart a la Serie A i en plena lluita per la Champions League&mdash;, repassa<br \/>\n        el seu vincle personal amb It&agrave;lia i aborda definitivament els rumors sobre la seva experi&egrave;ncia a<br \/>\n        R&uacute;ssia.\n    <\/div>\n<p>    <!-- \u2550\u2550\u2550 KEY DATA \u2550\u2550\u2550 --><\/p>\n<div class=\"rm-article__highlights\">\n<div class=\"rm-article__highlight-card\">\n            <span class=\"number\">TMW<\/span><br \/>\n            <span class=\"label\">5&egrave; mitj&agrave; esportiu a It&agrave;lia<\/span>\n        <\/div>\n<div class=\"rm-article__highlight-card\">\n            <span class=\"number\">18M<\/span><br \/>\n            <span class=\"label\">visites mensuals<\/span>\n        <\/div>\n<div class=\"rm-article__highlight-card\">\n            <span class=\"number\">4&ordm;<\/span><br \/>\n            <span class=\"label\">Como a la Serie A<\/span>\n        <\/div>\n<div class=\"rm-article__highlight-card\">\n            <span class=\"number\">&#127470;&#127481;<\/span><br \/>\n            <span class=\"label\">entrevista en itali&agrave;<\/span>\n        <\/div>\n<\/p><\/div>\n<p>    <!-- \u2550\u2550\u2550 SECTION 1: CESC AND COMO \u2550\u2550\u2550 --><\/p>\n<section>\n<h2>Cesc F&agrave;bregas i el projecte del Como<\/h2>\n<p>El t&egrave;cnic espanyol, que va dirigir F&agrave;bregas durant la seva etapa a l&#8217;<strong>AS<br \/>\n                Monaco<\/strong>, destaca la consist&egrave;ncia del projecte de l&#8217;equip llari&agrave; com un dels<br \/>\n            m&eacute;s atractius del futbol europeu actual:<\/p>\n<div class=\"rm-article__quote\">\n            &laquo;El Como &eacute;s un dels projectes m&eacute;s interessants del futbol europeu en aquests moments. El<br \/>\n            seu model de joc t&eacute; unes arrels espanyoles clares: possessi&oacute; intencionada, sortida neta des<br \/>\n            del darrere, pressi&oacute; organitzada. Per&ograve; la part fascinant &eacute;s que el model no<br \/>\n            s&#8217;est&agrave; important de manera mec&agrave;nica &mdash; s&#8217;est&agrave; adaptant al futbol itali&agrave;. I<br \/>\n            aix&ograve; &eacute;s enormement dif&iacute;cil de fer b&eacute;.&raquo;<br \/>\n            <span>&mdash; Robert Moreno<\/span>\n        <\/div>\n<p>Moreno tamb&eacute; emfatitza la valentia d&#8217;apostar per jugadors joves amb talent en una lliga tan exigent<br \/>\n            com la Serie A, i destaca que el Como est&agrave; demostrant que <strong>la filosofia de joc espanyola pot<br \/>\n                enriquir el futbol itali&agrave;, no oposar-s&#8217;hi<\/strong>.<\/p>\n<\/section>\n<p>    <!-- \u2550\u2550\u2550 SECTION 2: TCHOUAM\u00c9NI ANECDOTE \u2550\u2550\u2550 --><\/p>\n<section>\n<h2>Cesc com a entrenador: Una vocaci&oacute; que ja era evident<\/h2>\n<p>Moreno tamb&eacute; recorda una an&egrave;cdota reveladora dels entrenaments a M&ograve;naco que connecta<br \/>\n            directament el jugador Cesc amb l&#8217;entrenador Cesc d&#8217;avui:<\/p>\n<div class=\"rm-article__quote\">\n            &laquo;Tenir Cesc al camp era com tenir un entrenador a dins de la pista. Recordo el treball individual que<br \/>\n            f\u00e8iem amb jugadors com Tchouam&eacute;ni &mdash;que ara &eacute;s al Reial Madrid&mdash; per desenvolupar<br \/>\n            certes qualitats. Cesc es quedava a mirar. Volia escoltar, entendre el &#8216;per qu&egrave;&#8217; darrere de cada<br \/>\n            exercici. Ja era evident que all&iacute; s&#8217;hi estava formant un entrenador.&raquo;<br \/>\n            <span>&mdash; Robert Moreno<\/span>\n        <\/div>\n<p>Sobre el futur de F&agrave;bregas com a entrenador d&#8217;un club de primer nivell, Moreno no en t&eacute; cap<br \/>\n            dubte: <em>&laquo;La pregunta pertinent no &eacute;s si pot triomfar a aquell nivell. Crec que pot fer-ho.<br \/>\n                La pregunta &eacute;s quan i amb quin projecte es donar&agrave; aquesta equaci&oacute;.&raquo;<\/em><\/p>\n<\/section>\n<p>    <!-- \u2550\u2550\u2550 SECTION 3: ITALY AS A DESTINATION \u2550\u2550\u2550 --><\/p>\n<section>\n<h2>It&agrave;lia com a destinaci&oacute; professional<\/h2>\n<p>El t&egrave;cnic espanyol, que parla un itali&agrave; fluid i va viure un any a Mil&agrave;, referma a<br \/>\n            l&#8217;entrevista el seu inter&egrave;s per la Serie A:<\/p>\n<div class=\"rm-article__quote\">\n            &laquo;It&agrave;lia &eacute;s un mercat que m&#8217;atreu enormement. He treballat a Roma, conec la cultura<br \/>\n            t&agrave;ctica italiana des de dins. Si arrib&eacute;s una proposta seriosa d&#8217;un club amb una ambici&oacute;<br \/>\n            genu&iuml;na de construir alguna cosa, la valoraria amb el m&agrave;xim inter&egrave;s. En el futbol no em<br \/>\n            poso l&iacute;mits geogr&agrave;fics &mdash; el que busco &eacute;s el projecte adequat.&raquo;<br \/>\n            <span>&mdash; Robert Moreno<\/span>\n        <\/div>\n<p>Moreno assenyala que la Serie A travessa un <strong>moment molt interessant<\/strong>, amb clubs ambiciosos,<br \/>\n            una nova generaci&oacute; de directius i una lliga que &eacute;s alhora exigent i estimulant.<\/p>\n<\/section>\n<p>    <!-- \u2550\u2550\u2550 SECTION 4: DEBUNKING \u2550\u2550\u2550 --><\/p>\n<section>\n<h2>Desmentint la hist&ograve;ria de ChatGPT<\/h2>\n<p>Moreno tamb&eacute; aprofita l&#8217;entrevista per desmuntar amb fets els rumors sobre un suposat acomiadament per<br \/>\n            l&#8217;&uacute;s d&#8217;intel\u00b7lig&egrave;ncia artificial durant la seva etapa al PFC Sotxi:<\/p>\n<div class=\"rm-article__quote\">\n            &laquo;Em van contractar, em van renovar el contracte fins al 2027, vaig ascendir l&#8217;equip a la Premier<br \/>\n            League russa i vam separar els nostres camins pels resultats. ChatGPT no apareix enlloc en aquesta<br \/>\n            hist&ograve;ria. Els fets estan documentats. Els rumors, no.&raquo;<br \/>\n            <span>&mdash; Robert Moreno<\/span>\n        <\/div>\n<p>L&#8217;entrenador explica que l&#8217;origen va ser una traducci&oacute; incorrecta d&#8217;un titular rus per part d&#8217;un<br \/>\n            mitj&agrave; nord-americ&agrave;, que va convertir <em>&laquo;fer &uacute;s regular de xarxes<br \/>\n                neuronals&raquo;<\/em> en <em>&laquo;Acomiadat per usar ChatGPT&raquo;<\/em>. TMW tamb&eacute; va publicar<br \/>\n            <a href=\"https:\/\/www.tuttomercatoweb.com\/serie-a\/esonerato-dal-soci-perche-usava-chatgpt-moreno-negli-usa-hanno-tradotto-male-un-pezzo-2211023\"\n                target=\"_blank\" rel=\"noopener\" style=\"color:#c9a962;text-decoration:underline\">un article dedicat<\/a><br \/>\n            amb aquest desmentiment.<\/p>\n<\/section>\n<hr>\n<p>    <!-- \u2550\u2550\u2550 ORIGINAL SOURCE LINK \u2550\u2550\u2550 --><\/p>\n<section>\n<h2>Entrevista Completa<\/h2>\n<p>        <a href=\"https:\/\/www.tuttomercatoweb.com\/serie-a\/moreno-ex-tecnico-di-fabregas-al-monaco-il-suo-como-oggi-sta-evolvendo-l-intera-serie-a-2210970\"\n            target=\"_blank\" rel=\"noopener\" class=\"rm-article__source\"><br \/>\n            <span class=\"rm-article__source-icon\">&#127470;&#127481;<\/span><br \/>\n            <span class=\"rm-article__source-text\"><br \/>\n                <span class=\"rm-article__source-title\">TuttoMercato Web &mdash; Entrevista Completa<\/span><br \/>\n                <span class=\"rm-article__source-sub\">&laquo;Moreno, ex t&egrave;cnic de Fabregas a M&ograve;naco: el seu<br \/>\n                    Como avui est&agrave; evolucionant tota la Serie A&raquo;<\/span><br \/>\n            <\/span><br \/>\n            <span class=\"rm-arrow\">&rarr;<\/span><br \/>\n        <\/a><br \/>\n    <\/section>\n<p style=\"margin-top:48px;\"><a href=\"https:\/\/robert-moreno.es\/ca\/premsa\/\"\n            style=\"color:#c9a962;text-decoration:none;\">&larr; Tornar a Sala de Premsa<\/a><\/p>\n<\/article>\n","protected":false},"excerpt":{"rendered":"<p>&#127908; Entrevista &middot; Premsa Internacional Robert Moreno a TuttoMercato Web: &laquo;El Como de Cesc F&agrave;bregas est&agrave; evolucionant tota la Serie A&raquo; El t&egrave;cnic espanyol analitza el projecte del Como, el seu vincle amb It&agrave;lia i el seu treball amb Tchouam&eacute;ni a l&#8217;AS Monaco &#127470;&#127481; TuttoMercato Web Entrevista exclusiva 9 de mar&ccedil; de 2026 4 min [&hellip;]<\/p>\n","protected":false},"author":1,"featured_media":10632,"comment_status":"closed","ping_status":"closed","sticky":false,"template":"","format":"standard","meta":{"_angie_page":false,"page_builder":"","footnotes":""},"categories":[83,73],"tags":[],"class_list":["post-10633","post","type-post","status-publish","format-standard","has-post-thumbnail","hentry","category-entrevistes","category-premsa"],"_links":{"self":[{"href":"https:\/\/robert-moreno.es\/ca\/wp-json\/wp\/v2\/posts\/10633","targetHints":{"allow":["GET"]}}],"collection":[{"href":"https:\/\/robert-moreno.es\/ca\/wp-json\/wp\/v2\/posts"}],"about":[{"href":"https:\/\/robert-moreno.es\/ca\/wp-json\/wp\/v2\/types\/post"}],"author":[{"embeddable":true,"href":"https:\/\/robert-moreno.es\/ca\/wp-json\/wp\/v2\/users\/1"}],"replies":[{"embeddable":true,"href":"https:\/\/robert-moreno.es\/ca\/wp-json\/wp\/v2\/comments?post=10633"}],"version-history":[{"count":2,"href":"https:\/\/robert-moreno.es\/ca\/wp-json\/wp\/v2\/posts\/10633\/revisions"}],"predecessor-version":[{"id":10701,"href":"https:\/\/robert-moreno.es\/ca\/wp-json\/wp\/v2\/posts\/10633\/revisions\/10701"}],"wp:featuredmedia":[{"embeddable":true,"href":"https:\/\/robert-moreno.es\/ca\/wp-json\/wp\/v2\/media\/10632"}],"wp:attachment":[{"href":"https:\/\/robert-moreno.es\/ca\/wp-json\/wp\/v2\/media?parent=10633"}],"wp:term":[{"taxonomy":"category","embeddable":true,"href":"https:\/\/robert-moreno.es\/ca\/wp-json\/wp\/v2\/categories?post=10633"},{"taxonomy":"post_tag","embeddable":true,"href":"https:\/\/robert-moreno.es\/ca\/wp-json\/wp\/v2\/tags?post=10633"}],"curies":[{"name":"wp","href":"https:\/\/api.w.org\/{rel}","templated":true}]}}