{"id":10468,"date":"2022-11-03T13:17:00","date_gmt":"2022-11-03T12:17:00","guid":{"rendered":"https:\/\/robert-moreno.es\/comentarista-del-mundial-de-qatar-2022\/"},"modified":"2026-03-10T09:16:09","modified_gmt":"2026-03-10T08:16:09","slug":"comentarista-del-mundial-de-qatar-2022","status":"publish","type":"post","link":"https:\/\/robert-moreno.es\/ca\/comentarista-del-mundial-de-qatar-2022\/","title":{"rendered":"Comentarista del Mundial de Qatar 2022"},"content":{"rendered":"\n<style>\n    .rm-article {\n        max-width: 860px;\n        margin: 0 auto;\n        padding: 60px 24px 80px;\n        font-family: 'Montserrat', sans-serif;\n        color: #e0e0e0;\n        line-height: 1.85;\n        font-size: 17px\n    }\n    .rm-article__header {\n        text-align: center;\n        margin-bottom: 48px\n    }\n    .rm-article__badge {\n        display: inline-flex;\n        align-items: center;\n        gap: 8px;\n        font-size: 11px;\n        font-weight: 700;\n        letter-spacing: 3px;\n        text-transform: uppercase;\n        color: #c9a962;\n        margin-bottom: 20px;\n        padding: 6px 16px;\n        background: rgba(201, 169, 98, 0.08);\n        border-radius: 20px;\n        border: 1px solid rgba(201, 169, 98, 0.2)\n    }\n    .rm-article__title {\n        font-size: clamp(26px, 5vw, 38px);\n        font-weight: 800;\n        color: #fff;\n        line-height: 1.2;\n        margin: 0 0 16px;\n        letter-spacing: -0.5px\n    }\n    .rm-article__subtitle {\n        font-size: 18px;\n        color: #999;\n        margin: 0 0 24px;\n        font-weight: 400\n    }\n    .rm-article__meta {\n        font-size: 13px;\n        color: #666;\n        display: flex;\n        justify-content: center;\n        align-items: center;\n        gap: 16px;\n        flex-wrap: wrap\n    }\n    .rm-article__meta span {\n        display: flex;\n        align-items: center;\n        gap: 5px\n    }\n    .rm-article__meta .rm-dot {\n        width: 4px;\n        height: 4px;\n        border-radius: 50%;\n        background: #444\n    }\n    .rm-article__intro {\n        padding: 28px 32px;\n        background: linear-gradient(135deg, rgba(201, 169, 98, 0.06) 0%, rgba(201, 169, 98, 0.02) 100%);\n        border-left: 4px solid #c9a962;\n        border-radius: 0 12px 12px 0;\n        margin-bottom: 40px;\n        font-size: 16px;\n        color: #ccc;\n        line-height: 1.7\n    }\n    .rm-article__intro strong {\n        color: #fff\n    }\n    .rm-article__quote {\n        margin: 32px 0;\n        padding: 28px 32px;\n        background: linear-gradient(135deg, rgba(16, 185, 129, 0.06) 0%, rgba(16, 185, 129, 0.02) 100%);\n        border-left: 4px solid #10b981;\n        border-radius: 0 12px 12px 0;\n        font-size: 19px;\n        font-style: italic;\n        font-weight: 500;\n        color: #fff;\n        line-height: 1.6\n    }\n    .rm-article__quote span {\n        display: block;\n        margin-top: 12px;\n        font-size: 13px;\n        font-style: normal;\n        font-weight: 600;\n        color: #10b981;\n        letter-spacing: 1px;\n        text-transform: uppercase\n    }\n    .rm-article__content p {\n        color: rgba(255, 255, 255, 0.7);\n        margin-bottom: 20px\n    }\n    .rm-article__content h3 {\n        font-size: 22px;\n        font-weight: 700;\n        color: #fff;\n        margin: 40px 0 16px;\n        padding-left: 16px;\n        border-left: 3px solid #c9a962\n    }\n    .rm-article__highlights {\n        display: grid;\n        grid-template-columns: repeat(auto-fit, minmax(200px, 1fr));\n        gap: 16px;\n        margin: 32px 0\n    }\n    .rm-article__highlight-card {\n        padding: 24px;\n        background: rgba(201, 169, 98, 0.05);\n        border: 1px solid rgba(201, 169, 98, 0.15);\n        border-radius: 12px;\n        text-align: center\n    }\n    .rm-article__highlight-card .number {\n        font-size: 28px;\n        font-weight: 800;\n        color: #c9a962;\n        display: block;\n        margin-bottom: 4px\n    }\n    .rm-article__highlight-card .label {\n        font-size: 13px;\n        color: #999;\n        letter-spacing: 1px;\n        text-transform: uppercase\n    }\n    .rm-article__cta {\n        display: inline-flex;\n        align-items: center;\n        gap: 10px;\n        margin-top: 32px;\n        padding: 14px 28px;\n        background: linear-gradient(135deg, #c9a962, #b8944f);\n        color: #111;\n        font-size: 15px;\n        font-weight: 700;\n        text-decoration: none;\n        border-radius: 10px;\n        letter-spacing: 0.5px;\n        transition: all 0.3s\n    }\n    .rm-article__cta:hover {\n        transform: translateY(-2px);\n        box-shadow: 0 8px 24px rgba(201, 169, 98, 0.3)\n    }\n    @media(max-width:600px) {\n        .rm-article {\n            padding: 40px 16px 60px;\n            font-size: 16px\n        }\n        .rm-article__title {\n            font-size: 24px\n        }\n        .rm-article__quote {\n            padding: 20px;\n            font-size: 17px\n        }\n    }\n<\/style>\n<div class=\"rm-article\">\n    <header class=\"rm-article__header\">\n        <span class=\"rm-article__badge\">&#127909; TV &middot; Comentarista<\/span>\n        <h1 class=\"rm-article__title\">Comentarista del Mundial de Qatar 2022<\/h1>\n        <p class=\"rm-article__subtitle\">Robert Moreno va participar com a analista i comentarista a la cobertura\n            televisiva del Mundial de Qatar 2022, produ&iuml;da per Mediapro<\/p>\n        <div class=\"rm-article__meta\">\n            <span>&#127909; <strong>Mediapro<\/strong><\/span>\n            <span class=\"rm-dot\"><\/span>\n            <span>Mundial Qatar 2022<\/span>\n            <span class=\"rm-dot\"><\/span>\n            <span>Nov &ndash; Des 2022<\/span>\n        <\/div>\n    <\/header>\n    <div class=\"rm-article__intro\">\n        <strong>Sobre aquesta col&middot;laboraci&oacute;:<\/strong> Robert Moreno va ser un dels comentaristes i\n        analistes seleccionats per <strong>Mediapro<\/strong> per a la seva producci&oacute; televisiva del\n        <strong>Mundial de Qatar 2022<\/strong>. Durant el torneig, va aportar la seva visi&oacute; t&agrave;ctica\n        experta sobre els partits, les seleccions i les decisions dels entrenadors, des de la perspectiva &uacute;nica\n        d&#8217;alg&uacute; que ha dirigit una selecci&oacute; nacional en competici&oacute; oficial.\n    <\/div>\n    <div class=\"rm-article__highlights\">\n        <div class=\"rm-article__highlight-card\">\n            <span class=\"number\">Qatar 2022<\/span>\n            <span class=\"label\">Copa del M&oacute;n FIFA<\/span>\n        <\/div>\n        <div class=\"rm-article__highlight-card\">\n            <span class=\"number\">Mediapro<\/span>\n            <span class=\"label\">producci&oacute; audiovisual<\/span>\n        <\/div>\n        <div class=\"rm-article__highlight-card\">\n            <span class=\"number\">32<\/span>\n            <span class=\"label\">seleccions analitzades<\/span>\n        <\/div>\n    <\/div>\n    <div class=\"rm-article__quote\">\n        &laquo;Comentar un Mundial des de l&#8217;experi&egrave;ncia d&#8217;haver dirigit una selecci&oacute; et dona una\n        perspectiva que no es pot obtenir de cap altra manera. Coneixes la pressi&oacute;, les decisions i el que hi ha\n        darrere de cada canvi t&agrave;ctic.&raquo;\n        <span>&mdash; Robert Moreno<\/span>\n    <\/div>\n    <div class=\"rm-article__content\">\n        <h3>Una veu de banqueta a la pantalla<\/h3>\n        <p>La participaci&oacute; de Robert Moreno com a comentarista del Mundial va representar el reconeixement de la\n            ind&uacute;stria audiovisual a la seva capacitat comunicativa. <strong>Mediapro<\/strong>, el principal grup\n            de producci&oacute; audiovisual esportiva d&#8217;Espanya, el va seleccionar espec&iacute;ficament pel seu perfil:\n            un entrenador amb experi&egrave;ncia internacional que sap explicar el futbol amb rigor t&egrave;cnic i\n            claredat divulgativa.<\/p>\n        <p>Al llarg del torneig, Moreno va analitzar partits de totes les fases, desgranant les estrat&egrave;gies de\n            seleccionadors de primer nivell i oferint una lectura t&agrave;ctica que anava molt m&eacute;s enll&agrave;\n            del resultat. La seva capacitat per anticipar canvis de sistema, identificar patrons de joc i\n            contextualitzar les decisions t&egrave;cniques el van convertir en una de les veus m&eacute;s valorades de\n            la retransmissi&oacute;.<\/p>\n        <h3>De la selecci&oacute; al plat&oacute;<\/h3>\n        <p>Nom&eacute;s tres anys abans del Mundial de Qatar, Robert Moreno dirigia la Selecci&oacute; Espanyola en\n            partits classificatoris. Aquella experi&egrave;ncia directa de vestidor, de preparar partits internacionals\n            i de prendre decisions sota la pressi&oacute; de milions d&#8217;espectadors, va convertir les seves intervencions\n            en una an&agrave;lisi de primera m&agrave; que cap altre comentarista no podia oferir.<\/p>\n        <p>Aquesta col&middot;laboraci&oacute; amb Mediapro se suma a la seva traject&ograve;ria medi&agrave;tica com a\n            analista a <strong>Onda Cero<\/strong>, columnista al <strong>Diari SPORT<\/strong> i col&middot;laborador del\n            canal internacional de <strong>LaLiga<\/strong>, consolidant un perfil de comunicador expert que complementa\n            la seva carrera a les banquetes.<\/p>\n    <\/div>\n    <p style=\"margin-top:48px;\"><a href=\"https:\/\/robert-moreno.es\/prensa-3\/\"\n            style=\"color:#c9a962;text-decoration:none;\">&larr; Tornar a la Sala de Premsa<\/a><\/p>\n<\/div>\n","protected":false},"excerpt":{"rendered":"<p>&#127909; TV &middot; Comentarista Comentarista del Mundial de Qatar 2022 Robert Moreno va participar com a analista i comentarista a la cobertura televisiva del Mundial de Qatar 2022, produ&iuml;da per Mediapro &#127909; Mediapro Mundial Qatar 2022 Nov &ndash; Des 2022 Sobre aquesta col&middot;laboraci&oacute;: Robert Moreno va ser un dels comentaristes i analistes seleccionats per Mediapro [&hellip;]<\/p>\n","protected":false},"author":1,"featured_media":10469,"comment_status":"closed","ping_status":"closed","sticky":false,"template":"","format":"standard","meta":{"_angie_page":false,"page_builder":"","footnotes":""},"categories":[76,73],"tags":[],"class_list":["post-10468","post","type-post","status-publish","format-standard","has-post-thumbnail","hentry","category-collaboracio","category-premsa"],"yoast_head":"<!-- This site is optimized with the Yoast SEO Premium plugin v28.3 (Yoast SEO v28.3) - https:\/\/yoast.com\/product\/yoast-seo-premium-wordpress\/ -->\n<title>Robert Moreno, comentarista del Mundial de Qatar 2022 \u2014 Mediapro<\/title>\n<meta name=\"description\" content=\"Robert Moreno va participar com a analista i comentarista en la cobertura televisiva del Mundial de Qatar 2022 produ\u00efda per Mediapro, aportant la perspectiva d&#039;exseleccionador.\" \/>\n<meta name=\"robots\" content=\"index, follow, max-snippet:-1, max-image-preview:large, max-video-preview:-1\" \/>\n<link rel=\"canonical\" href=\"https:\/\/robert-moreno.es\/ca\/comentarista-del-mundial-de-qatar-2022\/\" \/>\n<meta property=\"og:locale\" content=\"ca_ES\" \/>\n<meta property=\"og:type\" content=\"article\" \/>\n<meta property=\"og:title\" content=\"Comentarista del Mundial de Qatar 2022\" \/>\n<meta property=\"og:description\" content=\"Robert Moreno va participar com a analista i comentarista en la cobertura televisiva del Mundial de Qatar 2022 produ\u00efda per Mediapro, aportant la perspectiva d&#039;exseleccionador.\" \/>\n<meta property=\"og:url\" content=\"https:\/\/robert-moreno.es\/ca\/comentarista-del-mundial-de-qatar-2022\/\" \/>\n<meta property=\"og:site_name\" content=\"Robert Moreno - Entrenador de f\u00fatbol\" \/>\n<meta property=\"article:published_time\" content=\"2022-11-03T12:17:00+00:00\" \/>\n<meta property=\"article:modified_time\" content=\"2026-03-10T08:16:09+00:00\" \/>\n<meta property=\"og:image\" content=\"https:\/\/robert-moreno.es\/wp-content\/uploads\/2026\/03\/entrada18_mediapro_featured.webp\" \/>\n\t<meta property=\"og:image:width\" content=\"640\" \/>\n\t<meta property=\"og:image:height\" content=\"640\" \/>\n\t<meta property=\"og:image:type\" content=\"image\/webp\" \/>\n<meta name=\"author\" content=\"Robert Moreno\" \/>\n<meta name=\"twitter:card\" content=\"summary_large_image\" \/>\n<meta name=\"twitter:label1\" content=\"Escrit per\" \/>\n\t<meta name=\"twitter:data1\" content=\"Robert Moreno\" \/>\n\t<meta name=\"twitter:label2\" content=\"Temps estimat de lectura\" \/>\n\t<meta name=\"twitter:data2\" content=\"2 minuts\" \/>\n<script type=\"application\/ld+json\" class=\"yoast-schema-graph\">{\"@context\":\"https:\\\/\\\/schema.org\",\"@graph\":[{\"@type\":\"Article\",\"@id\":\"https:\\\/\\\/robert-moreno.es\\\/ca\\\/comentarista-del-mundial-de-qatar-2022\\\/#article\",\"isPartOf\":{\"@id\":\"https:\\\/\\\/robert-moreno.es\\\/ca\\\/comentarista-del-mundial-de-qatar-2022\\\/\"},\"author\":{\"name\":\"Robert Moreno\",\"@id\":\"https:\\\/\\\/robert-moreno.es\\\/ca\\\/#\\\/schema\\\/person\\\/100bfa4e74aa38c9da58d9b64f1bb691\"},\"headline\":\"Comentarista del Mundial de Qatar 2022\",\"datePublished\":\"2022-11-03T12:17:00+00:00\",\"dateModified\":\"2026-03-10T08:16:09+00:00\",\"mainEntityOfPage\":{\"@id\":\"https:\\\/\\\/robert-moreno.es\\\/ca\\\/comentarista-del-mundial-de-qatar-2022\\\/\"},\"wordCount\":453,\"publisher\":{\"@id\":\"https:\\\/\\\/robert-moreno.es\\\/ca\\\/#organization\"},\"image\":{\"@id\":\"https:\\\/\\\/robert-moreno.es\\\/ca\\\/comentarista-del-mundial-de-qatar-2022\\\/#primaryimage\"},\"thumbnailUrl\":\"https:\\\/\\\/robert-moreno.es\\\/wp-content\\\/uploads\\\/2026\\\/03\\\/entrada18_mediapro_featured.webp\",\"articleSection\":[\"Col\u00b7laboraci\u00f3\",\"Premsa\"],\"inLanguage\":\"ca\",\"copyrightYear\":\"2022\",\"copyrightHolder\":{\"@id\":\"https:\\\/\\\/robert-moreno.es\\\/#organization\"}},{\"@type\":\"WebPage\",\"@id\":\"https:\\\/\\\/robert-moreno.es\\\/ca\\\/comentarista-del-mundial-de-qatar-2022\\\/\",\"url\":\"https:\\\/\\\/robert-moreno.es\\\/ca\\\/comentarista-del-mundial-de-qatar-2022\\\/\",\"name\":\"Robert Moreno, comentarista del Mundial de Qatar 2022 \u2014 Mediapro\",\"isPartOf\":{\"@id\":\"https:\\\/\\\/robert-moreno.es\\\/ca\\\/#website\"},\"primaryImageOfPage\":{\"@id\":\"https:\\\/\\\/robert-moreno.es\\\/ca\\\/comentarista-del-mundial-de-qatar-2022\\\/#primaryimage\"},\"image\":{\"@id\":\"https:\\\/\\\/robert-moreno.es\\\/ca\\\/comentarista-del-mundial-de-qatar-2022\\\/#primaryimage\"},\"thumbnailUrl\":\"https:\\\/\\\/robert-moreno.es\\\/wp-content\\\/uploads\\\/2026\\\/03\\\/entrada18_mediapro_featured.webp\",\"datePublished\":\"2022-11-03T12:17:00+00:00\",\"dateModified\":\"2026-03-10T08:16:09+00:00\",\"description\":\"Robert Moreno va participar com a analista i comentarista en la cobertura televisiva del Mundial de Qatar 2022 produ\u00efda per Mediapro, aportant la perspectiva d'exseleccionador.\",\"breadcrumb\":{\"@id\":\"https:\\\/\\\/robert-moreno.es\\\/ca\\\/comentarista-del-mundial-de-qatar-2022\\\/#breadcrumb\"},\"inLanguage\":\"ca\",\"potentialAction\":[{\"@type\":\"ReadAction\",\"target\":[\"https:\\\/\\\/robert-moreno.es\\\/ca\\\/comentarista-del-mundial-de-qatar-2022\\\/\"]}]},{\"@type\":\"ImageObject\",\"inLanguage\":\"ca\",\"@id\":\"https:\\\/\\\/robert-moreno.es\\\/ca\\\/comentarista-del-mundial-de-qatar-2022\\\/#primaryimage\",\"url\":\"https:\\\/\\\/robert-moreno.es\\\/wp-content\\\/uploads\\\/2026\\\/03\\\/entrada18_mediapro_featured.webp\",\"contentUrl\":\"https:\\\/\\\/robert-moreno.es\\\/wp-content\\\/uploads\\\/2026\\\/03\\\/entrada18_mediapro_featured.webp\",\"width\":640,\"height\":640},{\"@type\":\"BreadcrumbList\",\"@id\":\"https:\\\/\\\/robert-moreno.es\\\/ca\\\/comentarista-del-mundial-de-qatar-2022\\\/#breadcrumb\",\"itemListElement\":[{\"@type\":\"ListItem\",\"position\":1,\"name\":\"Portada\",\"item\":\"https:\\\/\\\/robert-moreno.es\\\/ca\\\/portada\\\/\"},{\"@type\":\"ListItem\",\"position\":2,\"name\":\"Comentarista del Mundial de Qatar 2022\"}]},{\"@type\":\"WebSite\",\"@id\":\"https:\\\/\\\/robert-moreno.es\\\/ca\\\/#website\",\"url\":\"https:\\\/\\\/robert-moreno.es\\\/ca\\\/\",\"name\":\"Robert Moreno - Entrenador de f\u00fatbol\",\"description\":\"Entrenador de f\u00fatbol\",\"publisher\":{\"@id\":\"https:\\\/\\\/robert-moreno.es\\\/ca\\\/#organization\"},\"potentialAction\":[{\"@type\":\"SearchAction\",\"target\":{\"@type\":\"EntryPoint\",\"urlTemplate\":\"https:\\\/\\\/robert-moreno.es\\\/ca\\\/?s={search_term_string}\"},\"query-input\":{\"@type\":\"PropertyValueSpecification\",\"valueRequired\":true,\"valueName\":\"search_term_string\"}}],\"inLanguage\":\"ca\"},{\"@type\":\"Person\",\"@id\":\"https:\\\/\\\/robert-moreno.es\\\/ca\\\/#\\\/schema\\\/person\\\/100bfa4e74aa38c9da58d9b64f1bb691\",\"name\":\"Robert Moreno\",\"image\":{\"@type\":\"ImageObject\",\"inLanguage\":\"ca\",\"@id\":\"https:\\\/\\\/robert-moreno.es\\\/wp-content\\\/litespeed\\\/avatar\\\/49c4d4a0c545e139d536817316491363.jpg?ver=1788196358\",\"url\":\"https:\\\/\\\/robert-moreno.es\\\/wp-content\\\/litespeed\\\/avatar\\\/49c4d4a0c545e139d536817316491363.jpg?ver=1788196358\",\"contentUrl\":\"https:\\\/\\\/robert-moreno.es\\\/wp-content\\\/litespeed\\\/avatar\\\/49c4d4a0c545e139d536817316491363.jpg?ver=1788196358\",\"caption\":\"Robert Moreno\"},\"description\":\"Robert Moreno Gonz\u00e1lez (Barcelona, 1977) es entrenador de f\u00fatbol con licencia UEFA Pro. Ex Seleccionador Nacional de Espa\u00f1a (2019, clasificaci\u00f3n invicta a la Eurocopa 2020) y miembro del cuerpo t\u00e9cnico del FC Barcelona con Luis Enrique (2014-2017): Triplete 2014-15 (Champions League, LaLiga, Copa del Rey) y 9 t\u00edtulos en tres temporadas. T\u00e9cnico principal en AS M\u00f3naco, Granada CF y PFC Sochi (ascenso a la Premier League rusa, 2025). Habla cinco idiomas y ha entrenado en cinco pa\u00edses. Pionero del an\u00e1lisis de v\u00eddeo y scouting digital en Espa\u00f1a. Autor de \u00abMi receta del 4-4-2\u00bb.\",\"sameAs\":[\"https:\\\/\\\/robert-moreno.com\",\"https:\\\/\\\/www.instagram.com\\\/robertmoreno\\\/\",\"https:\\\/\\\/www.linkedin.com\\\/in\\\/robertmorenocoach\\\/\"],\"url\":\"https:\\\/\\\/robert-moreno.es\\\/ca\\\/author\\\/robert-moreno\\\/\"},{\"@type\":\"ImageObject\",\"inLanguage\":\"ca\",\"@id\":\"https:\\\/\\\/robert-moreno.es\\\/ca\\\/comentarista-del-mundial-de-qatar-2022\\\/#local-main-organization-logo\",\"url\":\"https:\\\/\\\/robert-moreno.es\\\/wp-content\\\/uploads\\\/2026\\\/02\\\/LogoRobertMoreno-e1772804580395.jpg\",\"contentUrl\":\"https:\\\/\\\/robert-moreno.es\\\/wp-content\\\/uploads\\\/2026\\\/02\\\/LogoRobertMoreno-e1772804580395.jpg\",\"width\":800,\"height\":313,\"caption\":\"Robert Moreno - Entrenador de f\u00fatbol\"}]}<\/script>\n<!-- \/ Yoast SEO Premium plugin. -->","yoast_head_json":{"title":"Robert Moreno, comentarista del Mundial de Qatar 2022 \u2014 Mediapro","description":"Robert Moreno va participar com a analista i comentarista en la cobertura televisiva del Mundial de Qatar 2022 produ\u00efda per Mediapro, aportant la perspectiva d'exseleccionador.","robots":{"index":"index","follow":"follow","max-snippet":"max-snippet:-1","max-image-preview":"max-image-preview:large","max-video-preview":"max-video-preview:-1"},"canonical":"https:\/\/robert-moreno.es\/ca\/comentarista-del-mundial-de-qatar-2022\/","og_locale":"ca_ES","og_type":"article","og_title":"Comentarista del Mundial de Qatar 2022","og_description":"Robert Moreno va participar com a analista i comentarista en la cobertura televisiva del Mundial de Qatar 2022 produ\u00efda per Mediapro, aportant la perspectiva d'exseleccionador.","og_url":"https:\/\/robert-moreno.es\/ca\/comentarista-del-mundial-de-qatar-2022\/","og_site_name":"Robert Moreno - Entrenador de f\u00fatbol","article_published_time":"2022-11-03T12:17:00+00:00","article_modified_time":"2026-03-10T08:16:09+00:00","og_image":[{"width":640,"height":640,"url":"https:\/\/robert-moreno.es\/wp-content\/uploads\/2026\/03\/entrada18_mediapro_featured.webp","type":"image\/webp"}],"author":"Robert Moreno","twitter_card":"summary_large_image","twitter_misc":{"Escrit per":"Robert Moreno","Temps estimat de lectura":"2 minuts"},"schema":{"@context":"https:\/\/schema.org","@graph":[{"@type":"Article","@id":"https:\/\/robert-moreno.es\/ca\/comentarista-del-mundial-de-qatar-2022\/#article","isPartOf":{"@id":"https:\/\/robert-moreno.es\/ca\/comentarista-del-mundial-de-qatar-2022\/"},"author":{"name":"Robert Moreno","@id":"https:\/\/robert-moreno.es\/ca\/#\/schema\/person\/100bfa4e74aa38c9da58d9b64f1bb691"},"headline":"Comentarista del Mundial de Qatar 2022","datePublished":"2022-11-03T12:17:00+00:00","dateModified":"2026-03-10T08:16:09+00:00","mainEntityOfPage":{"@id":"https:\/\/robert-moreno.es\/ca\/comentarista-del-mundial-de-qatar-2022\/"},"wordCount":453,"publisher":{"@id":"https:\/\/robert-moreno.es\/ca\/#organization"},"image":{"@id":"https:\/\/robert-moreno.es\/ca\/comentarista-del-mundial-de-qatar-2022\/#primaryimage"},"thumbnailUrl":"https:\/\/robert-moreno.es\/wp-content\/uploads\/2026\/03\/entrada18_mediapro_featured.webp","articleSection":["Col\u00b7laboraci\u00f3","Premsa"],"inLanguage":"ca","copyrightYear":"2022","copyrightHolder":{"@id":"https:\/\/robert-moreno.es\/#organization"}},{"@type":"WebPage","@id":"https:\/\/robert-moreno.es\/ca\/comentarista-del-mundial-de-qatar-2022\/","url":"https:\/\/robert-moreno.es\/ca\/comentarista-del-mundial-de-qatar-2022\/","name":"Robert Moreno, comentarista del Mundial de Qatar 2022 \u2014 Mediapro","isPartOf":{"@id":"https:\/\/robert-moreno.es\/ca\/#website"},"primaryImageOfPage":{"@id":"https:\/\/robert-moreno.es\/ca\/comentarista-del-mundial-de-qatar-2022\/#primaryimage"},"image":{"@id":"https:\/\/robert-moreno.es\/ca\/comentarista-del-mundial-de-qatar-2022\/#primaryimage"},"thumbnailUrl":"https:\/\/robert-moreno.es\/wp-content\/uploads\/2026\/03\/entrada18_mediapro_featured.webp","datePublished":"2022-11-03T12:17:00+00:00","dateModified":"2026-03-10T08:16:09+00:00","description":"Robert Moreno va participar com a analista i comentarista en la cobertura televisiva del Mundial de Qatar 2022 produ\u00efda per Mediapro, aportant la perspectiva d'exseleccionador.","breadcrumb":{"@id":"https:\/\/robert-moreno.es\/ca\/comentarista-del-mundial-de-qatar-2022\/#breadcrumb"},"inLanguage":"ca","potentialAction":[{"@type":"ReadAction","target":["https:\/\/robert-moreno.es\/ca\/comentarista-del-mundial-de-qatar-2022\/"]}]},{"@type":"ImageObject","inLanguage":"ca","@id":"https:\/\/robert-moreno.es\/ca\/comentarista-del-mundial-de-qatar-2022\/#primaryimage","url":"https:\/\/robert-moreno.es\/wp-content\/uploads\/2026\/03\/entrada18_mediapro_featured.webp","contentUrl":"https:\/\/robert-moreno.es\/wp-content\/uploads\/2026\/03\/entrada18_mediapro_featured.webp","width":640,"height":640},{"@type":"BreadcrumbList","@id":"https:\/\/robert-moreno.es\/ca\/comentarista-del-mundial-de-qatar-2022\/#breadcrumb","itemListElement":[{"@type":"ListItem","position":1,"name":"Portada","item":"https:\/\/robert-moreno.es\/ca\/portada\/"},{"@type":"ListItem","position":2,"name":"Comentarista del Mundial de Qatar 2022"}]},{"@type":"WebSite","@id":"https:\/\/robert-moreno.es\/ca\/#website","url":"https:\/\/robert-moreno.es\/ca\/","name":"Robert Moreno - Entrenador de f\u00fatbol","description":"Entrenador de f\u00fatbol","publisher":{"@id":"https:\/\/robert-moreno.es\/ca\/#organization"},"potentialAction":[{"@type":"SearchAction","target":{"@type":"EntryPoint","urlTemplate":"https:\/\/robert-moreno.es\/ca\/?s={search_term_string}"},"query-input":{"@type":"PropertyValueSpecification","valueRequired":true,"valueName":"search_term_string"}}],"inLanguage":"ca"},{"@type":"Person","@id":"https:\/\/robert-moreno.es\/ca\/#\/schema\/person\/100bfa4e74aa38c9da58d9b64f1bb691","name":"Robert Moreno","image":{"@type":"ImageObject","inLanguage":"ca","@id":"https:\/\/robert-moreno.es\/wp-content\/litespeed\/avatar\/49c4d4a0c545e139d536817316491363.jpg?ver=1788196358","url":"https:\/\/robert-moreno.es\/wp-content\/litespeed\/avatar\/49c4d4a0c545e139d536817316491363.jpg?ver=1788196358","contentUrl":"https:\/\/robert-moreno.es\/wp-content\/litespeed\/avatar\/49c4d4a0c545e139d536817316491363.jpg?ver=1788196358","caption":"Robert Moreno"},"description":"Robert Moreno Gonz\u00e1lez (Barcelona, 1977) es entrenador de f\u00fatbol con licencia UEFA Pro. Ex Seleccionador Nacional de Espa\u00f1a (2019, clasificaci\u00f3n invicta a la Eurocopa 2020) y miembro del cuerpo t\u00e9cnico del FC Barcelona con Luis Enrique (2014-2017): Triplete 2014-15 (Champions League, LaLiga, Copa del Rey) y 9 t\u00edtulos en tres temporadas. T\u00e9cnico principal en AS M\u00f3naco, Granada CF y PFC Sochi (ascenso a la Premier League rusa, 2025). Habla cinco idiomas y ha entrenado en cinco pa\u00edses. Pionero del an\u00e1lisis de v\u00eddeo y scouting digital en Espa\u00f1a. Autor de \u00abMi receta del 4-4-2\u00bb.","sameAs":["https:\/\/robert-moreno.com","https:\/\/www.instagram.com\/robertmoreno\/","https:\/\/www.linkedin.com\/in\/robertmorenocoach\/"],"url":"https:\/\/robert-moreno.es\/ca\/author\/robert-moreno\/"},{"@type":"ImageObject","inLanguage":"ca","@id":"https:\/\/robert-moreno.es\/ca\/comentarista-del-mundial-de-qatar-2022\/#local-main-organization-logo","url":"https:\/\/robert-moreno.es\/wp-content\/uploads\/2026\/02\/LogoRobertMoreno-e1772804580395.jpg","contentUrl":"https:\/\/robert-moreno.es\/wp-content\/uploads\/2026\/02\/LogoRobertMoreno-e1772804580395.jpg","width":800,"height":313,"caption":"Robert Moreno - Entrenador de f\u00fatbol"}]}},"_links":{"self":[{"href":"https:\/\/robert-moreno.es\/ca\/wp-json\/wp\/v2\/posts\/10468","targetHints":{"allow":["GET"]}}],"collection":[{"href":"https:\/\/robert-moreno.es\/ca\/wp-json\/wp\/v2\/posts"}],"about":[{"href":"https:\/\/robert-moreno.es\/ca\/wp-json\/wp\/v2\/types\/post"}],"author":[{"embeddable":true,"href":"https:\/\/robert-moreno.es\/ca\/wp-json\/wp\/v2\/users\/1"}],"replies":[{"embeddable":true,"href":"https:\/\/robert-moreno.es\/ca\/wp-json\/wp\/v2\/comments?post=10468"}],"version-history":[{"count":2,"href":"https:\/\/robert-moreno.es\/ca\/wp-json\/wp\/v2\/posts\/10468\/revisions"}],"predecessor-version":[{"id":10839,"href":"https:\/\/robert-moreno.es\/ca\/wp-json\/wp\/v2\/posts\/10468\/revisions\/10839"}],"wp:featuredmedia":[{"embeddable":true,"href":"https:\/\/robert-moreno.es\/ca\/wp-json\/wp\/v2\/media\/10469"}],"wp:attachment":[{"href":"https:\/\/robert-moreno.es\/ca\/wp-json\/wp\/v2\/media?parent=10468"}],"wp:term":[{"taxonomy":"category","embeddable":true,"href":"https:\/\/robert-moreno.es\/ca\/wp-json\/wp\/v2\/categories?post=10468"},{"taxonomy":"post_tag","embeddable":true,"href":"https:\/\/robert-moreno.es\/ca\/wp-json\/wp\/v2\/tags?post=10468"}],"curies":[{"name":"wp","href":"https:\/\/api.w.org\/{rel}","templated":true}]}}