{"id":10447,"date":"2026-02-26T20:59:21","date_gmt":"2026-02-26T19:59:21","guid":{"rendered":"https:\/\/robert-moreno.es\/robert-moreno-nou-entrenador-del-granada-cf\/"},"modified":"2026-03-09T21:13:33","modified_gmt":"2026-03-09T20:13:33","slug":"robert-moreno-nou-entrenador-del-granada-cf","status":"publish","type":"post","link":"https:\/\/robert-moreno.es\/ca\/robert-moreno-nou-entrenador-del-granada-cf\/","title":{"rendered":"Robert Moreno, nou entrenador del Granada CF"},"content":{"rendered":"\n<p>Robert Moreno signa per dues temporades amb el <strong>Granada CF<\/strong>, assumint el repte de dirigir a LaLiga\n Santander despr\u00e9s de la seva etapa a l&#8217;AS M\u00f2naco de la Ligue 1 francesa.<\/p>\n\n<p>L&#8217;entrenador catal\u00e0 va ser presentat oficialment el 18 de juny de 2021 com a nou t\u00e8cnic del\n conjunt nassarita. Moreno va arribar amb l&#8217;ambici\u00f3 d&#8217;imprimir el seu segell t\u00e0ctic i construir\n un equip competitiu que reflect\u00eds els valors del futbol associatiu. <\/p>\n\n<p>Amb aquesta incorporaci\u00f3, el Granada CF va apostar per un entrenador amb experi\u00e8ncia internacional al\n m\u00e9s alt nivell: 8 t\u00edtols amb el FC Barcelona com a part del staff de Luis Enrique i la\n direcci\u00f3 de la Selecci\u00f3 Espanyola.<\/p>\n\n<h3>Cobertura medi\u00e0tica<\/h3>\n<ul>\n    <li><a href=\"https:\/\/www.lesportiudecatalunya.cat\/futbol\/article\/2108776-el-granada-acomiada-robert-moreno.html\" target=\"_blank\" rel=\"noopener\">L&#8217;Esportiu de Catalunya \u2014 Robert Moreno al Granada CF<\/a><\/li>\n<\/ul>\n\n<p><a href=\"https:\/\/robert-moreno.es\/prensa-3\/\">\u2190 Tornar a Sala de Premsa<\/a><\/p>\n","protected":false},"excerpt":{"rendered":"<p>Robert Moreno signa per dues temporades amb el Granada CF, assumint el repte de dirigir a LaLiga Santander despr\u00e9s de la seva etapa a l&#8217;AS M\u00f2naco de la Ligue 1 francesa. L&#8217;entrenador catal\u00e0 va ser presentat oficialment el 18 de juny de 2021 com a nou t\u00e8cnic del conjunt nassarita. Moreno va arribar amb l&#8217;ambici\u00f3 [&hellip;]<\/p>\n","protected":false},"author":1,"featured_media":10448,"comment_status":"closed","ping_status":"closed","sticky":false,"template":"","format":"standard","meta":{"page_builder":"","footnotes":""},"categories":[87,73],"tags":[],"class_list":["post-10447","post","type-post","status-publish","format-standard","has-post-thumbnail","hentry","category-noticies","category-premsa"],"yoast_head":"<!-- This site is optimized with the Yoast SEO Premium plugin v28.4 (Yoast SEO v28.4) - https:\/\/yoast.com\/product\/yoast-seo-premium-wordpress\/ -->\n<title>Robert Moreno, nou entrenador del Granada CF - LaLiga Santander<\/title>\n<meta name=\"description\" content=\"Robert Moreno signa per dues temporades amb el Granada CF despr\u00e9s de la seva etapa a l&#039;AS M\u00f2naco. 8 t\u00edtols amb el FC Barcelona i exseleccionador d&#039;Espanya.\" \/>\n<meta name=\"robots\" content=\"index, follow, max-snippet:-1, max-image-preview:large, max-video-preview:-1\" \/>\n<link rel=\"canonical\" href=\"https:\/\/robert-moreno.es\/ca\/robert-moreno-nou-entrenador-del-granada-cf\/\" \/>\n<meta property=\"og:locale\" content=\"ca_ES\" \/>\n<meta property=\"og:type\" content=\"article\" \/>\n<meta property=\"og:title\" content=\"Robert Moreno, nou entrenador del Granada CF\" \/>\n<meta property=\"og:description\" content=\"Robert Moreno signa per dues temporades amb el Granada CF despr\u00e9s de la seva etapa a l&#039;AS M\u00f2naco. 8 t\u00edtols amb el FC Barcelona i exseleccionador d&#039;Espanya.\" \/>\n<meta property=\"og:url\" content=\"https:\/\/robert-moreno.es\/ca\/robert-moreno-nou-entrenador-del-granada-cf\/\" \/>\n<meta property=\"og:site_name\" content=\"Robert Moreno - Entrenador de f\u00fatbol\" \/>\n<meta property=\"article:published_time\" content=\"2026-02-26T19:59:21+00:00\" \/>\n<meta property=\"article:modified_time\" content=\"2026-03-09T20:13:33+00:00\" \/>\n<meta property=\"og:image\" content=\"https:\/\/robert-moreno.es\/wp-content\/uploads\/2026\/02\/09_granada_cf.webp\" \/>\n\t<meta property=\"og:image:width\" content=\"1600\" \/>\n\t<meta property=\"og:image:height\" content=\"1066\" \/>\n\t<meta property=\"og:image:type\" content=\"image\/webp\" \/>\n<meta name=\"author\" content=\"Robert Moreno\" \/>\n<meta name=\"twitter:card\" content=\"summary_large_image\" \/>\n<meta name=\"twitter:label1\" content=\"Escrit per\" \/>\n\t<meta name=\"twitter:data1\" content=\"Robert Moreno\" \/>\n\t<meta name=\"twitter:label2\" content=\"Temps estimat de lectura\" \/>\n\t<meta name=\"twitter:data2\" content=\"1 minut\" \/>\n<script type=\"application\/ld+json\" class=\"yoast-schema-graph\">{\"@context\":\"https:\\\/\\\/schema.org\",\"@graph\":[{\"@type\":\"Article\",\"@id\":\"https:\\\/\\\/robert-moreno.es\\\/ca\\\/robert-moreno-nou-entrenador-del-granada-cf\\\/#article\",\"isPartOf\":{\"@id\":\"https:\\\/\\\/robert-moreno.es\\\/ca\\\/robert-moreno-nou-entrenador-del-granada-cf\\\/\"},\"author\":{\"name\":\"Robert Moreno\",\"@id\":\"https:\\\/\\\/robert-moreno.es\\\/ca\\\/#\\\/schema\\\/person\\\/100bfa4e74aa38c9da58d9b64f1bb691\"},\"headline\":\"Robert Moreno, nou entrenador del Granada CF\",\"datePublished\":\"2026-02-26T19:59:21+00:00\",\"dateModified\":\"2026-03-09T20:13:33+00:00\",\"mainEntityOfPage\":{\"@id\":\"https:\\\/\\\/robert-moreno.es\\\/ca\\\/robert-moreno-nou-entrenador-del-granada-cf\\\/\"},\"wordCount\":143,\"publisher\":{\"@id\":\"https:\\\/\\\/robert-moreno.es\\\/ca\\\/#organization\"},\"image\":{\"@id\":\"https:\\\/\\\/robert-moreno.es\\\/ca\\\/robert-moreno-nou-entrenador-del-granada-cf\\\/#primaryimage\"},\"thumbnailUrl\":\"https:\\\/\\\/robert-moreno.es\\\/wp-content\\\/uploads\\\/2026\\\/02\\\/09_granada_cf.webp\",\"articleSection\":[\"Not\u00edcies\",\"Premsa\"],\"inLanguage\":\"ca\",\"copyrightYear\":\"2026\",\"copyrightHolder\":{\"@id\":\"https:\\\/\\\/robert-moreno.es\\\/#organization\"}},{\"@type\":\"WebPage\",\"@id\":\"https:\\\/\\\/robert-moreno.es\\\/ca\\\/robert-moreno-nou-entrenador-del-granada-cf\\\/\",\"url\":\"https:\\\/\\\/robert-moreno.es\\\/ca\\\/robert-moreno-nou-entrenador-del-granada-cf\\\/\",\"name\":\"Robert Moreno, nou entrenador del Granada CF - LaLiga Santander\",\"isPartOf\":{\"@id\":\"https:\\\/\\\/robert-moreno.es\\\/ca\\\/#website\"},\"primaryImageOfPage\":{\"@id\":\"https:\\\/\\\/robert-moreno.es\\\/ca\\\/robert-moreno-nou-entrenador-del-granada-cf\\\/#primaryimage\"},\"image\":{\"@id\":\"https:\\\/\\\/robert-moreno.es\\\/ca\\\/robert-moreno-nou-entrenador-del-granada-cf\\\/#primaryimage\"},\"thumbnailUrl\":\"https:\\\/\\\/robert-moreno.es\\\/wp-content\\\/uploads\\\/2026\\\/02\\\/09_granada_cf.webp\",\"datePublished\":\"2026-02-26T19:59:21+00:00\",\"dateModified\":\"2026-03-09T20:13:33+00:00\",\"description\":\"Robert Moreno signa per dues temporades amb el Granada CF despr\u00e9s de la seva etapa a l'AS M\u00f2naco. 8 t\u00edtols amb el FC Barcelona i exseleccionador d'Espanya.\",\"breadcrumb\":{\"@id\":\"https:\\\/\\\/robert-moreno.es\\\/ca\\\/robert-moreno-nou-entrenador-del-granada-cf\\\/#breadcrumb\"},\"inLanguage\":\"ca\",\"potentialAction\":[{\"@type\":\"ReadAction\",\"target\":[\"https:\\\/\\\/robert-moreno.es\\\/ca\\\/robert-moreno-nou-entrenador-del-granada-cf\\\/\"]}]},{\"@type\":\"ImageObject\",\"inLanguage\":\"ca\",\"@id\":\"https:\\\/\\\/robert-moreno.es\\\/ca\\\/robert-moreno-nou-entrenador-del-granada-cf\\\/#primaryimage\",\"url\":\"https:\\\/\\\/robert-moreno.es\\\/wp-content\\\/uploads\\\/2026\\\/02\\\/09_granada_cf.webp\",\"contentUrl\":\"https:\\\/\\\/robert-moreno.es\\\/wp-content\\\/uploads\\\/2026\\\/02\\\/09_granada_cf.webp\",\"width\":1600,\"height\":1066},{\"@type\":\"BreadcrumbList\",\"@id\":\"https:\\\/\\\/robert-moreno.es\\\/ca\\\/robert-moreno-nou-entrenador-del-granada-cf\\\/#breadcrumb\",\"itemListElement\":[{\"@type\":\"ListItem\",\"position\":1,\"name\":\"Portada\",\"item\":\"https:\\\/\\\/robert-moreno.es\\\/ca\\\/\"},{\"@type\":\"ListItem\",\"position\":2,\"name\":\"Robert Moreno, nou entrenador del Granada CF\"}]},{\"@type\":\"WebSite\",\"@id\":\"https:\\\/\\\/robert-moreno.es\\\/ca\\\/#website\",\"url\":\"https:\\\/\\\/robert-moreno.es\\\/ca\\\/\",\"name\":\"Robert Moreno - Entrenador de f\u00fatbol\",\"description\":\"Entrenador de f\u00fatbol\",\"publisher\":{\"@id\":\"https:\\\/\\\/robert-moreno.es\\\/ca\\\/#organization\"},\"potentialAction\":[{\"@type\":\"SearchAction\",\"target\":{\"@type\":\"EntryPoint\",\"urlTemplate\":\"https:\\\/\\\/robert-moreno.es\\\/ca\\\/?s={search_term_string}\"},\"query-input\":{\"@type\":\"PropertyValueSpecification\",\"valueRequired\":true,\"valueName\":\"search_term_string\"}}],\"inLanguage\":\"ca\"},{\"@type\":\"Person\",\"@id\":\"https:\\\/\\\/robert-moreno.es\\\/ca\\\/#\\\/schema\\\/person\\\/100bfa4e74aa38c9da58d9b64f1bb691\",\"name\":\"Robert Moreno\",\"image\":{\"@type\":\"ImageObject\",\"inLanguage\":\"ca\",\"@id\":\"https:\\\/\\\/robert-moreno.es\\\/wp-content\\\/litespeed\\\/avatar\\\/49c4d4a0c545e139d536817316491363.jpg?ver=1788196358\",\"url\":\"https:\\\/\\\/robert-moreno.es\\\/wp-content\\\/litespeed\\\/avatar\\\/49c4d4a0c545e139d536817316491363.jpg?ver=1788196358\",\"contentUrl\":\"https:\\\/\\\/robert-moreno.es\\\/wp-content\\\/litespeed\\\/avatar\\\/49c4d4a0c545e139d536817316491363.jpg?ver=1788196358\",\"caption\":\"Robert Moreno\"},\"description\":\"Robert Moreno Gonz\u00e1lez (Barcelona, 1977) es entrenador de f\u00fatbol con licencia UEFA Pro. Ex Seleccionador Nacional de Espa\u00f1a (2019, clasificaci\u00f3n invicta a la Eurocopa 2020) y miembro del cuerpo t\u00e9cnico del FC Barcelona con Luis Enrique (2014-2017): Triplete 2014-15 (Champions League, LaLiga, Copa del Rey) y 9 t\u00edtulos en tres temporadas. T\u00e9cnico principal en AS M\u00f3naco, Granada CF y PFC Sochi (ascenso a la Premier League rusa, 2025). Habla cinco idiomas y ha entrenado en cinco pa\u00edses. Pionero del an\u00e1lisis de v\u00eddeo y scouting digital en Espa\u00f1a. Autor de \u00abMi receta del 4-4-2\u00bb.\",\"sameAs\":[\"https:\\\/\\\/robert-moreno.com\",\"https:\\\/\\\/www.instagram.com\\\/robertmoreno\\\/\",\"https:\\\/\\\/www.linkedin.com\\\/in\\\/robertmorenocoach\\\/\"],\"url\":\"https:\\\/\\\/robert-moreno.es\\\/ca\\\/author\\\/robert-moreno\\\/\"},{\"@type\":\"ImageObject\",\"inLanguage\":\"ca\",\"@id\":\"https:\\\/\\\/robert-moreno.es\\\/ca\\\/robert-moreno-nou-entrenador-del-granada-cf\\\/#local-main-organization-logo\",\"url\":\"https:\\\/\\\/robert-moreno.es\\\/wp-content\\\/uploads\\\/2026\\\/02\\\/LogoRobertMoreno-e1772804580395.jpg\",\"contentUrl\":\"https:\\\/\\\/robert-moreno.es\\\/wp-content\\\/uploads\\\/2026\\\/02\\\/LogoRobertMoreno-e1772804580395.jpg\",\"width\":800,\"height\":313,\"caption\":\"Robert Moreno - Entrenador de f\u00fatbol\"}]}<\/script>\n<!-- \/ Yoast SEO Premium plugin. -->","yoast_head_json":{"title":"Robert Moreno, nou entrenador del Granada CF - LaLiga Santander","description":"Robert Moreno signa per dues temporades amb el Granada CF despr\u00e9s de la seva etapa a l'AS M\u00f2naco. 8 t\u00edtols amb el FC Barcelona i exseleccionador d'Espanya.","robots":{"index":"index","follow":"follow","max-snippet":"max-snippet:-1","max-image-preview":"max-image-preview:large","max-video-preview":"max-video-preview:-1"},"canonical":"https:\/\/robert-moreno.es\/ca\/robert-moreno-nou-entrenador-del-granada-cf\/","og_locale":"ca_ES","og_type":"article","og_title":"Robert Moreno, nou entrenador del Granada CF","og_description":"Robert Moreno signa per dues temporades amb el Granada CF despr\u00e9s de la seva etapa a l'AS M\u00f2naco. 8 t\u00edtols amb el FC Barcelona i exseleccionador d'Espanya.","og_url":"https:\/\/robert-moreno.es\/ca\/robert-moreno-nou-entrenador-del-granada-cf\/","og_site_name":"Robert Moreno - Entrenador de f\u00fatbol","article_published_time":"2026-02-26T19:59:21+00:00","article_modified_time":"2026-03-09T20:13:33+00:00","og_image":[{"width":1600,"height":1066,"url":"https:\/\/robert-moreno.es\/wp-content\/uploads\/2026\/02\/09_granada_cf.webp","type":"image\/webp"}],"author":"Robert Moreno","twitter_card":"summary_large_image","twitter_misc":{"Escrit per":"Robert Moreno","Temps estimat de lectura":"1 minut"},"schema":{"@context":"https:\/\/schema.org","@graph":[{"@type":"Article","@id":"https:\/\/robert-moreno.es\/ca\/robert-moreno-nou-entrenador-del-granada-cf\/#article","isPartOf":{"@id":"https:\/\/robert-moreno.es\/ca\/robert-moreno-nou-entrenador-del-granada-cf\/"},"author":{"name":"Robert Moreno","@id":"https:\/\/robert-moreno.es\/ca\/#\/schema\/person\/100bfa4e74aa38c9da58d9b64f1bb691"},"headline":"Robert Moreno, nou entrenador del Granada CF","datePublished":"2026-02-26T19:59:21+00:00","dateModified":"2026-03-09T20:13:33+00:00","mainEntityOfPage":{"@id":"https:\/\/robert-moreno.es\/ca\/robert-moreno-nou-entrenador-del-granada-cf\/"},"wordCount":143,"publisher":{"@id":"https:\/\/robert-moreno.es\/ca\/#organization"},"image":{"@id":"https:\/\/robert-moreno.es\/ca\/robert-moreno-nou-entrenador-del-granada-cf\/#primaryimage"},"thumbnailUrl":"https:\/\/robert-moreno.es\/wp-content\/uploads\/2026\/02\/09_granada_cf.webp","articleSection":["Not\u00edcies","Premsa"],"inLanguage":"ca","copyrightYear":"2026","copyrightHolder":{"@id":"https:\/\/robert-moreno.es\/#organization"}},{"@type":"WebPage","@id":"https:\/\/robert-moreno.es\/ca\/robert-moreno-nou-entrenador-del-granada-cf\/","url":"https:\/\/robert-moreno.es\/ca\/robert-moreno-nou-entrenador-del-granada-cf\/","name":"Robert Moreno, nou entrenador del Granada CF - LaLiga Santander","isPartOf":{"@id":"https:\/\/robert-moreno.es\/ca\/#website"},"primaryImageOfPage":{"@id":"https:\/\/robert-moreno.es\/ca\/robert-moreno-nou-entrenador-del-granada-cf\/#primaryimage"},"image":{"@id":"https:\/\/robert-moreno.es\/ca\/robert-moreno-nou-entrenador-del-granada-cf\/#primaryimage"},"thumbnailUrl":"https:\/\/robert-moreno.es\/wp-content\/uploads\/2026\/02\/09_granada_cf.webp","datePublished":"2026-02-26T19:59:21+00:00","dateModified":"2026-03-09T20:13:33+00:00","description":"Robert Moreno signa per dues temporades amb el Granada CF despr\u00e9s de la seva etapa a l'AS M\u00f2naco. 8 t\u00edtols amb el FC Barcelona i exseleccionador d'Espanya.","breadcrumb":{"@id":"https:\/\/robert-moreno.es\/ca\/robert-moreno-nou-entrenador-del-granada-cf\/#breadcrumb"},"inLanguage":"ca","potentialAction":[{"@type":"ReadAction","target":["https:\/\/robert-moreno.es\/ca\/robert-moreno-nou-entrenador-del-granada-cf\/"]}]},{"@type":"ImageObject","inLanguage":"ca","@id":"https:\/\/robert-moreno.es\/ca\/robert-moreno-nou-entrenador-del-granada-cf\/#primaryimage","url":"https:\/\/robert-moreno.es\/wp-content\/uploads\/2026\/02\/09_granada_cf.webp","contentUrl":"https:\/\/robert-moreno.es\/wp-content\/uploads\/2026\/02\/09_granada_cf.webp","width":1600,"height":1066},{"@type":"BreadcrumbList","@id":"https:\/\/robert-moreno.es\/ca\/robert-moreno-nou-entrenador-del-granada-cf\/#breadcrumb","itemListElement":[{"@type":"ListItem","position":1,"name":"Portada","item":"https:\/\/robert-moreno.es\/ca\/"},{"@type":"ListItem","position":2,"name":"Robert Moreno, nou entrenador del Granada CF"}]},{"@type":"WebSite","@id":"https:\/\/robert-moreno.es\/ca\/#website","url":"https:\/\/robert-moreno.es\/ca\/","name":"Robert Moreno - Entrenador de f\u00fatbol","description":"Entrenador de f\u00fatbol","publisher":{"@id":"https:\/\/robert-moreno.es\/ca\/#organization"},"potentialAction":[{"@type":"SearchAction","target":{"@type":"EntryPoint","urlTemplate":"https:\/\/robert-moreno.es\/ca\/?s={search_term_string}"},"query-input":{"@type":"PropertyValueSpecification","valueRequired":true,"valueName":"search_term_string"}}],"inLanguage":"ca"},{"@type":"Person","@id":"https:\/\/robert-moreno.es\/ca\/#\/schema\/person\/100bfa4e74aa38c9da58d9b64f1bb691","name":"Robert Moreno","image":{"@type":"ImageObject","inLanguage":"ca","@id":"https:\/\/robert-moreno.es\/wp-content\/litespeed\/avatar\/49c4d4a0c545e139d536817316491363.jpg?ver=1788196358","url":"https:\/\/robert-moreno.es\/wp-content\/litespeed\/avatar\/49c4d4a0c545e139d536817316491363.jpg?ver=1788196358","contentUrl":"https:\/\/robert-moreno.es\/wp-content\/litespeed\/avatar\/49c4d4a0c545e139d536817316491363.jpg?ver=1788196358","caption":"Robert Moreno"},"description":"Robert Moreno Gonz\u00e1lez (Barcelona, 1977) es entrenador de f\u00fatbol con licencia UEFA Pro. Ex Seleccionador Nacional de Espa\u00f1a (2019, clasificaci\u00f3n invicta a la Eurocopa 2020) y miembro del cuerpo t\u00e9cnico del FC Barcelona con Luis Enrique (2014-2017): Triplete 2014-15 (Champions League, LaLiga, Copa del Rey) y 9 t\u00edtulos en tres temporadas. T\u00e9cnico principal en AS M\u00f3naco, Granada CF y PFC Sochi (ascenso a la Premier League rusa, 2025). Habla cinco idiomas y ha entrenado en cinco pa\u00edses. Pionero del an\u00e1lisis de v\u00eddeo y scouting digital en Espa\u00f1a. Autor de \u00abMi receta del 4-4-2\u00bb.","sameAs":["https:\/\/robert-moreno.com","https:\/\/www.instagram.com\/robertmoreno\/","https:\/\/www.linkedin.com\/in\/robertmorenocoach\/"],"url":"https:\/\/robert-moreno.es\/ca\/author\/robert-moreno\/"},{"@type":"ImageObject","inLanguage":"ca","@id":"https:\/\/robert-moreno.es\/ca\/robert-moreno-nou-entrenador-del-granada-cf\/#local-main-organization-logo","url":"https:\/\/robert-moreno.es\/wp-content\/uploads\/2026\/02\/LogoRobertMoreno-e1772804580395.jpg","contentUrl":"https:\/\/robert-moreno.es\/wp-content\/uploads\/2026\/02\/LogoRobertMoreno-e1772804580395.jpg","width":800,"height":313,"caption":"Robert Moreno - Entrenador de f\u00fatbol"}]}},"_links":{"self":[{"href":"https:\/\/robert-moreno.es\/ca\/wp-json\/wp\/v2\/posts\/10447","targetHints":{"allow":["GET"]}}],"collection":[{"href":"https:\/\/robert-moreno.es\/ca\/wp-json\/wp\/v2\/posts"}],"about":[{"href":"https:\/\/robert-moreno.es\/ca\/wp-json\/wp\/v2\/types\/post"}],"author":[{"embeddable":true,"href":"https:\/\/robert-moreno.es\/ca\/wp-json\/wp\/v2\/users\/1"}],"replies":[{"embeddable":true,"href":"https:\/\/robert-moreno.es\/ca\/wp-json\/wp\/v2\/comments?post=10447"}],"version-history":[{"count":1,"href":"https:\/\/robert-moreno.es\/ca\/wp-json\/wp\/v2\/posts\/10447\/revisions"}],"predecessor-version":[{"id":10449,"href":"https:\/\/robert-moreno.es\/ca\/wp-json\/wp\/v2\/posts\/10447\/revisions\/10449"}],"wp:featuredmedia":[{"embeddable":true,"href":"https:\/\/robert-moreno.es\/ca\/wp-json\/wp\/v2\/media\/10448"}],"wp:attachment":[{"href":"https:\/\/robert-moreno.es\/ca\/wp-json\/wp\/v2\/media?parent=10447"}],"wp:term":[{"taxonomy":"category","embeddable":true,"href":"https:\/\/robert-moreno.es\/ca\/wp-json\/wp\/v2\/categories?post=10447"},{"taxonomy":"post_tag","embeddable":true,"href":"https:\/\/robert-moreno.es\/ca\/wp-json\/wp\/v2\/tags?post=10447"}],"curies":[{"name":"wp","href":"https:\/\/api.w.org\/{rel}","templated":true}]}}