{"id":10427,"date":"2026-03-03T10:41:46","date_gmt":"2026-03-03T09:41:46","guid":{"rendered":"https:\/\/robert-moreno.es\/la-porteria-robert-moreno-repassa-la-seva-trajectoria\/"},"modified":"2026-09-03T08:53:17","modified_gmt":"2026-09-03T06:53:17","slug":"la-porteria-robert-moreno-repassa-la-seva-trajectoria","status":"publish","type":"post","link":"https:\/\/robert-moreno.es\/ca\/la-porteria-robert-moreno-repassa-la-seva-trajectoria\/","title":{"rendered":"La Porteria: Robert Moreno repassa la seva traject\u00f2ria"},"content":{"rendered":"\n<style>\n    .rm-article {\n        max-width: 860px;\n        margin: 0 auto;\n        padding: 60px 24px 80px;\n        font-family: 'Montserrat', sans-serif;\n        color: #e0e0e0;\n        line-height: 1.85;\n        font-size: 17px\n    }\n    .rm-article__header {\n        text-align: center;\n        margin-bottom: 48px\n    }\n    .rm-article__badge {\n        display: inline-flex;\n        align-items: center;\n        gap: 8px;\n        font-size: 11px;\n        font-weight: 700;\n        letter-spacing: 3px;\n        text-transform: uppercase;\n        color: #D4AF37;\n        margin-bottom: 20px;\n        padding: 6px 16px;\n        background: rgba(201, 169, 98, .08);\n        border-radius: 20px;\n        border: 1px solid rgba(201, 169, 98, .2)\n    }\n    .rm-article__title {\n        font-size: clamp(26px, 5vw, 38px);\n        font-weight: 800;\n        color: #fff;\n        line-height: 1.2;\n        margin: 0 0 16px;\n        letter-spacing: -.5px\n    }\n    .rm-article__subtitle {\n        font-size: 18px;\n        color: #999;\n        margin: 0 0 24px;\n        font-weight: 400\n    }\n    .rm-article__meta {\n        font-size: 13px;\n        color: #666;\n        display: flex;\n        justify-content: center;\n        align-items: center;\n        gap: 16px;\n        flex-wrap: wrap\n    }\n    .rm-article__meta span {\n        display: flex;\n        align-items: center;\n        gap: 5px\n    }\n    .rm-article__meta .rm-dot {\n        width: 4px;\n        height: 4px;\n        border-radius: 50%;\n        background: #444\n    }\n    .rm-article__intro {\n        padding: 28px 32px;\n        background: linear-gradient(135deg, rgba(201, 169, 98, .06) 0%, rgba(201, 169, 98, .02) 100%);\n        border-left: 4px solid #D4AF37;\n        border-radius: 0 12px 12px 0;\n        margin-bottom: 40px;\n        font-size: 16px;\n        color: #ccc;\n        line-height: 1.7\n    }\n    .rm-article__intro strong {\n        color: #fff\n    }\n    .rm-article__quote {\n        margin: 32px 0;\n        padding: 28px 32px;\n        background: linear-gradient(135deg, rgba(16, 185, 129, .06) 0%, rgba(16, 185, 129, .02) 100%);\n        border-left: 4px solid #10b981;\n        border-radius: 0 12px 12px 0;\n        font-size: 19px;\n        font-style: italic;\n        font-weight: 500;\n        color: #fff;\n        line-height: 1.6\n    }\n    .rm-article__quote span {\n        display: block;\n        margin-top: 12px;\n        font-size: 13px;\n        font-style: normal;\n        font-weight: 600;\n        color: #10b981;\n        letter-spacing: 1px;\n        text-transform: uppercase\n    }\n    .rm-article__content p {\n        color: rgba(255, 255, 255, .7);\n        margin-bottom: 20px\n    }\n    .rm-article__content h3 {\n        font-size: 22px;\n        font-weight: 700;\n        color: #fff;\n        margin: 40px 0 16px;\n        padding-left: 16px;\n        border-left: 3px solid #D4AF37\n    }\n    .rm-article__cta {\n        display: inline-flex;\n        align-items: center;\n        gap: 10px;\n        margin-top: 32px;\n        padding: 14px 28px;\n        background: linear-gradient(135deg, #D4AF37, #b8944f);\n        color: #111;\n        font-size: 15px;\n        font-weight: 700;\n        text-decoration: none;\n        border-radius: 10px;\n        letter-spacing: .5px;\n        transition: all .3s\n    }\n    .rm-article__cta:hover {\n        transform: translateY(-2px);\n        box-shadow: 0 8px 24px rgba(201, 169, 98, .3)\n    }\n    @media(max-width:600px) {\n        .rm-article {\n            padding: 40px 16px 60px;\n            font-size: 16px\n        }\n        .rm-article__title {\n            font-size: 24px\n        }\n        .rm-article__quote {\n            padding: 20px;\n            font-size: 17px\n        }\n    }\n<\/style>\n<div class=\"rm-article\">\n    <header class=\"rm-article__header\">\n        <span class=\"rm-article__badge\">&#128250; Entrevista &middot; Televisi&oacute;<\/span>\n        <h1 class=\"rm-article__title\">La Porteria: Robert Moreno repassa la seva traject&ograve;ria<\/h1>\n        <p class=\"rm-article__subtitle\">Entrevista a Betev&eacute; sobre la Selecci&oacute; Espanyola, el futur i les\n            lli&ccedil;ons del cam&iacute;<\/p>\n        <div class=\"rm-article__meta\">\n            <span>&#128250; <strong>Betev&eacute;<\/strong><\/span>\n            <span class=\"rm-dot\"><\/span>\n            <span>La Porteria<\/span>\n            <span class=\"rm-dot\"><\/span>\n            <span>Novembre 2023<\/span>\n        <\/div>\n    <\/header>\n    <div class=\"rm-article__intro\">\n        <strong>Sobre aquesta entrevista:<\/strong> Robert Moreno visita el plat&oacute; de <strong>La Porteria<\/strong>,\n        el programa esportiu de Betev&eacute; (la televisi&oacute; p&uacute;blica de Barcelona), per repassar la seva\n        traject&ograve;ria professional en una conversa propera i distesa. Des dels seus inicis a l&rsquo;Hospitalet\n        fins a la Selecci&oacute; Espanyola, passant pel M&ograve;naco i el Granada.\n    <\/div>\n    <div class=\"rm-article__quote\">\n        &laquo;&Eacute;s un c&agrave;rrec que m&rsquo;agradaria no haver tingut. Per les circumst&agrave;ncies.\n        Per&ograve; va sorgir l&rsquo;oportunitat i la vaig acceptar. Va ser un repte superdif&iacute;cil.&raquo;\n        <span>&mdash; Robert Moreno, sobre ser seleccionador<\/span>\n    <\/div>\n    <div class=\"rm-article__content\">\n        <h3>Qu&egrave; es tracta en l&rsquo;entrevista<\/h3>\n        <p>El pas per la Selecci&oacute; Espanyola: com va ser assumir el c&agrave;rrec, la complexitat del repte i la\n            reflexi&oacute; honesta sobre qu&egrave; va significar aquella etapa. Moreno analitza amb perspectiva el que\n            va viure, sense esquivar les dificultats ni els aprenentatges que se&rsquo;n va emportar.<\/p>\n        <p>Inicialment no volia el c&agrave;rrec, per&ograve; amb el suport del seu entorn va acabar acceptant. Espanya\n            va jugar nou partits sota les seves ordres: set vict&ograve;ries i dos empats. &laquo;Ho vam fer b&eacute;.\n            Em quedo amb les coses boniques que vaig aprendre. Va ser un orgull&raquo;, afirma.<\/p>\n    <\/div>\n    <div class=\"rm-article__quote\">\n        &laquo;Ho vam fer b&eacute;. Em quedo amb les coses boniques que vaig aprendre. Va ser un orgull.&raquo;\n        <span>&mdash; Robert Moreno<\/span>\n    <\/div>\n    <div class=\"rm-article__content\">\n        <h3>El futur passa pels banquets<\/h3>\n        <p>L&rsquo;entrevista tamb&eacute; aborda el seu futur professional, el seu pas pel M&ograve;naco i el Granada,\n            i la seva ferma intenci&oacute; de continuar entrenant a nivell internacional. &laquo;Estic intentant\n            aprendre tot el que no vaig saber fer en el seu moment&raquo;, explica Moreno amb l&rsquo;honestedat que el\n            caracteritza.<\/p>\n        <p>Un retrat &iacute;ntim de l&rsquo;entrenador de l&rsquo;Hospitalet que va arribar a dirigir la\n            selecci&oacute; m&eacute;s llorejada del m&oacute;n, a la televisi&oacute; de la seva ciutat.<\/p>\n    <\/div>\n    <a href=\"https:\/\/www.beteve.cat\/esports\/robert-moreno-tant-bo-no-hagues-tingut-carrec-seleccionador-espanyol\/\"\n        target=\"_blank\" rel=\"noopener\" class=\"rm-article__cta\">\n        Llegir l&rsquo;article complet a Betev&eacute; &rarr;\n    <\/a>\n    <p style=\"margin-top:48px;\"><a href=\"https:\/\/robert-moreno.es\/ca\/premsa\/\"\n            style=\"color:#D4AF37;text-decoration:none;\">&larr; Tornar a Sala de Premsa<\/a><\/p>\n<\/div>\n","protected":false},"excerpt":{"rendered":"<p>&#128250; Entrevista &middot; Televisi&oacute; La Porteria: Robert Moreno repassa la seva traject&ograve;ria Entrevista a Betev&eacute; sobre la Selecci&oacute; Espanyola, el futur i les lli&ccedil;ons del cam&iacute; &#128250; Betev&eacute; La Porteria Novembre 2023 Sobre aquesta entrevista: Robert Moreno visita el plat&oacute; de La Porteria, el programa esportiu de Betev&eacute; (la televisi&oacute; p&uacute;blica de Barcelona), per repassar [&hellip;]<\/p>\n","protected":false},"author":1,"featured_media":10428,"comment_status":"closed","ping_status":"closed","sticky":false,"template":"","format":"standard","meta":{"page_builder":"","footnotes":""},"categories":[83,73],"tags":[],"class_list":["post-10427","post","type-post","status-publish","format-standard","has-post-thumbnail","hentry","category-entrevistes","category-premsa"],"yoast_head":"<!-- This site is optimized with the Yoast SEO Premium plugin v28.4 (Yoast SEO v28.4) - https:\/\/yoast.com\/product\/yoast-seo-premium-wordpress\/ -->\n<title>Robert Moreno a La Porteria (Betev\u00e9) - Selecci\u00f3 Espanyola i futur<\/title>\n<meta name=\"description\" content=\"Robert Moreno repassa la seva traject\u00f2ria a La Porteria de Betev\u00e9. El seu pas per la Selecci\u00f3 Espanyola, el M\u00f2naco, el Granada i les seves perspectives de futur.\" \/>\n<meta name=\"robots\" content=\"index, follow, max-snippet:-1, max-image-preview:large, max-video-preview:-1\" \/>\n<link rel=\"canonical\" href=\"https:\/\/robert-moreno.es\/ca\/la-porteria-robert-moreno-repassa-la-seva-trajectoria\/\" \/>\n<meta property=\"og:locale\" content=\"ca_ES\" \/>\n<meta property=\"og:type\" content=\"article\" \/>\n<meta property=\"og:title\" content=\"La Porteria: Robert Moreno repassa la seva traject\u00f2ria\" \/>\n<meta property=\"og:description\" content=\"Robert Moreno repassa la seva traject\u00f2ria a La Porteria de Betev\u00e9. El seu pas per la Selecci\u00f3 Espanyola, el M\u00f2naco, el Granada i les seves perspectives de futur.\" \/>\n<meta property=\"og:url\" content=\"https:\/\/robert-moreno.es\/ca\/la-porteria-robert-moreno-repassa-la-seva-trajectoria\/\" \/>\n<meta property=\"og:site_name\" content=\"Robert Moreno - Entrenador de f\u00fatbol\" \/>\n<meta property=\"article:published_time\" content=\"2026-03-03T09:41:46+00:00\" \/>\n<meta property=\"article:modified_time\" content=\"2026-09-03T06:53:17+00:00\" \/>\n<meta property=\"og:image\" content=\"https:\/\/robert-moreno.es\/wp-content\/uploads\/2026\/03\/Captura-de-pantalla-2026-03-03-a-las-10.43.48-scaled.webp\" \/>\n\t<meta property=\"og:image:width\" content=\"1920\" \/>\n\t<meta property=\"og:image:height\" content=\"968\" \/>\n\t<meta property=\"og:image:type\" content=\"image\/webp\" \/>\n<meta name=\"author\" content=\"Robert Moreno\" \/>\n<meta name=\"twitter:card\" content=\"summary_large_image\" \/>\n<meta name=\"twitter:label1\" content=\"Escrit per\" \/>\n\t<meta name=\"twitter:data1\" content=\"Robert Moreno\" \/>\n\t<meta name=\"twitter:label2\" content=\"Temps estimat de lectura\" \/>\n\t<meta name=\"twitter:data2\" content=\"2 minuts\" \/>\n<script type=\"application\/ld+json\" class=\"yoast-schema-graph\">{\"@context\":\"https:\\\/\\\/schema.org\",\"@graph\":[{\"@type\":\"Article\",\"@id\":\"https:\\\/\\\/robert-moreno.es\\\/ca\\\/la-porteria-robert-moreno-repassa-la-seva-trajectoria\\\/#article\",\"isPartOf\":{\"@id\":\"https:\\\/\\\/robert-moreno.es\\\/ca\\\/la-porteria-robert-moreno-repassa-la-seva-trajectoria\\\/\"},\"author\":{\"name\":\"Robert Moreno\",\"@id\":\"https:\\\/\\\/robert-moreno.es\\\/ca\\\/#\\\/schema\\\/person\\\/100bfa4e74aa38c9da58d9b64f1bb691\"},\"headline\":\"La Porteria: Robert Moreno repassa la seva traject\u00f2ria\",\"datePublished\":\"2026-03-03T09:41:46+00:00\",\"dateModified\":\"2026-09-03T06:53:17+00:00\",\"mainEntityOfPage\":{\"@id\":\"https:\\\/\\\/robert-moreno.es\\\/ca\\\/la-porteria-robert-moreno-repassa-la-seva-trajectoria\\\/\"},\"wordCount\":404,\"publisher\":{\"@id\":\"https:\\\/\\\/robert-moreno.es\\\/ca\\\/#organization\"},\"image\":{\"@id\":\"https:\\\/\\\/robert-moreno.es\\\/ca\\\/la-porteria-robert-moreno-repassa-la-seva-trajectoria\\\/#primaryimage\"},\"thumbnailUrl\":\"https:\\\/\\\/robert-moreno.es\\\/wp-content\\\/uploads\\\/2026\\\/03\\\/Captura-de-pantalla-2026-03-03-a-las-10.43.48-scaled.webp\",\"articleSection\":[\"Entrevistes\",\"Premsa\"],\"inLanguage\":\"ca\",\"copyrightYear\":\"2026\",\"copyrightHolder\":{\"@id\":\"https:\\\/\\\/robert-moreno.es\\\/#organization\"}},{\"@type\":\"WebPage\",\"@id\":\"https:\\\/\\\/robert-moreno.es\\\/ca\\\/la-porteria-robert-moreno-repassa-la-seva-trajectoria\\\/\",\"url\":\"https:\\\/\\\/robert-moreno.es\\\/ca\\\/la-porteria-robert-moreno-repassa-la-seva-trajectoria\\\/\",\"name\":\"Robert Moreno a La Porteria (Betev\u00e9) - Selecci\u00f3 Espanyola i futur\",\"isPartOf\":{\"@id\":\"https:\\\/\\\/robert-moreno.es\\\/ca\\\/#website\"},\"primaryImageOfPage\":{\"@id\":\"https:\\\/\\\/robert-moreno.es\\\/ca\\\/la-porteria-robert-moreno-repassa-la-seva-trajectoria\\\/#primaryimage\"},\"image\":{\"@id\":\"https:\\\/\\\/robert-moreno.es\\\/ca\\\/la-porteria-robert-moreno-repassa-la-seva-trajectoria\\\/#primaryimage\"},\"thumbnailUrl\":\"https:\\\/\\\/robert-moreno.es\\\/wp-content\\\/uploads\\\/2026\\\/03\\\/Captura-de-pantalla-2026-03-03-a-las-10.43.48-scaled.webp\",\"datePublished\":\"2026-03-03T09:41:46+00:00\",\"dateModified\":\"2026-09-03T06:53:17+00:00\",\"description\":\"Robert Moreno repassa la seva traject\u00f2ria a La Porteria de Betev\u00e9. El seu pas per la Selecci\u00f3 Espanyola, el M\u00f2naco, el Granada i les seves perspectives de futur.\",\"breadcrumb\":{\"@id\":\"https:\\\/\\\/robert-moreno.es\\\/ca\\\/la-porteria-robert-moreno-repassa-la-seva-trajectoria\\\/#breadcrumb\"},\"inLanguage\":\"ca\",\"potentialAction\":[{\"@type\":\"ReadAction\",\"target\":[\"https:\\\/\\\/robert-moreno.es\\\/ca\\\/la-porteria-robert-moreno-repassa-la-seva-trajectoria\\\/\"]}]},{\"@type\":\"ImageObject\",\"inLanguage\":\"ca\",\"@id\":\"https:\\\/\\\/robert-moreno.es\\\/ca\\\/la-porteria-robert-moreno-repassa-la-seva-trajectoria\\\/#primaryimage\",\"url\":\"https:\\\/\\\/robert-moreno.es\\\/wp-content\\\/uploads\\\/2026\\\/03\\\/Captura-de-pantalla-2026-03-03-a-las-10.43.48-scaled.webp\",\"contentUrl\":\"https:\\\/\\\/robert-moreno.es\\\/wp-content\\\/uploads\\\/2026\\\/03\\\/Captura-de-pantalla-2026-03-03-a-las-10.43.48-scaled.webp\",\"width\":1920,\"height\":968},{\"@type\":\"BreadcrumbList\",\"@id\":\"https:\\\/\\\/robert-moreno.es\\\/ca\\\/la-porteria-robert-moreno-repassa-la-seva-trajectoria\\\/#breadcrumb\",\"itemListElement\":[{\"@type\":\"ListItem\",\"position\":1,\"name\":\"Portada\",\"item\":\"https:\\\/\\\/robert-moreno.es\\\/ca\\\/\"},{\"@type\":\"ListItem\",\"position\":2,\"name\":\"La Porteria: Robert Moreno repassa la seva traject\u00f2ria\"}]},{\"@type\":\"WebSite\",\"@id\":\"https:\\\/\\\/robert-moreno.es\\\/ca\\\/#website\",\"url\":\"https:\\\/\\\/robert-moreno.es\\\/ca\\\/\",\"name\":\"Robert Moreno - Entrenador de f\u00fatbol\",\"description\":\"Entrenador de f\u00fatbol\",\"publisher\":{\"@id\":\"https:\\\/\\\/robert-moreno.es\\\/ca\\\/#organization\"},\"potentialAction\":[{\"@type\":\"SearchAction\",\"target\":{\"@type\":\"EntryPoint\",\"urlTemplate\":\"https:\\\/\\\/robert-moreno.es\\\/ca\\\/?s={search_term_string}\"},\"query-input\":{\"@type\":\"PropertyValueSpecification\",\"valueRequired\":true,\"valueName\":\"search_term_string\"}}],\"inLanguage\":\"ca\"},{\"@type\":\"Person\",\"@id\":\"https:\\\/\\\/robert-moreno.es\\\/ca\\\/#\\\/schema\\\/person\\\/100bfa4e74aa38c9da58d9b64f1bb691\",\"name\":\"Robert Moreno\",\"image\":{\"@type\":\"ImageObject\",\"inLanguage\":\"ca\",\"@id\":\"https:\\\/\\\/robert-moreno.es\\\/wp-content\\\/litespeed\\\/avatar\\\/49c4d4a0c545e139d536817316491363.jpg?ver=1788196358\",\"url\":\"https:\\\/\\\/robert-moreno.es\\\/wp-content\\\/litespeed\\\/avatar\\\/49c4d4a0c545e139d536817316491363.jpg?ver=1788196358\",\"contentUrl\":\"https:\\\/\\\/robert-moreno.es\\\/wp-content\\\/litespeed\\\/avatar\\\/49c4d4a0c545e139d536817316491363.jpg?ver=1788196358\",\"caption\":\"Robert Moreno\"},\"description\":\"Robert Moreno Gonz\u00e1lez (Barcelona, 1977) es entrenador de f\u00fatbol con licencia UEFA Pro. Ex Seleccionador Nacional de Espa\u00f1a (2019, clasificaci\u00f3n invicta a la Eurocopa 2020) y miembro del cuerpo t\u00e9cnico del FC Barcelona con Luis Enrique (2014-2017): Triplete 2014-15 (Champions League, LaLiga, Copa del Rey) y 9 t\u00edtulos en tres temporadas. T\u00e9cnico principal en AS M\u00f3naco, Granada CF y PFC Sochi (ascenso a la Premier League rusa, 2025). Habla cinco idiomas y ha entrenado en cinco pa\u00edses. Pionero del an\u00e1lisis de v\u00eddeo y scouting digital en Espa\u00f1a. Autor de \u00abMi receta del 4-4-2\u00bb.\",\"sameAs\":[\"https:\\\/\\\/robert-moreno.com\",\"https:\\\/\\\/www.instagram.com\\\/robertmoreno\\\/\",\"https:\\\/\\\/www.linkedin.com\\\/in\\\/robertmorenocoach\\\/\"],\"url\":\"https:\\\/\\\/robert-moreno.es\\\/ca\\\/author\\\/robert-moreno\\\/\"},{\"@type\":\"ImageObject\",\"inLanguage\":\"ca\",\"@id\":\"https:\\\/\\\/robert-moreno.es\\\/ca\\\/la-porteria-robert-moreno-repassa-la-seva-trajectoria\\\/#local-main-organization-logo\",\"url\":\"https:\\\/\\\/robert-moreno.es\\\/wp-content\\\/uploads\\\/2026\\\/02\\\/LogoRobertMoreno-e1772804580395.jpg\",\"contentUrl\":\"https:\\\/\\\/robert-moreno.es\\\/wp-content\\\/uploads\\\/2026\\\/02\\\/LogoRobertMoreno-e1772804580395.jpg\",\"width\":800,\"height\":313,\"caption\":\"Robert Moreno - Entrenador de f\u00fatbol\"}]}<\/script>\n<!-- \/ Yoast SEO Premium plugin. -->","yoast_head_json":{"title":"Robert Moreno a La Porteria (Betev\u00e9) - Selecci\u00f3 Espanyola i futur","description":"Robert Moreno repassa la seva traject\u00f2ria a La Porteria de Betev\u00e9. El seu pas per la Selecci\u00f3 Espanyola, el M\u00f2naco, el Granada i les seves perspectives de futur.","robots":{"index":"index","follow":"follow","max-snippet":"max-snippet:-1","max-image-preview":"max-image-preview:large","max-video-preview":"max-video-preview:-1"},"canonical":"https:\/\/robert-moreno.es\/ca\/la-porteria-robert-moreno-repassa-la-seva-trajectoria\/","og_locale":"ca_ES","og_type":"article","og_title":"La Porteria: Robert Moreno repassa la seva traject\u00f2ria","og_description":"Robert Moreno repassa la seva traject\u00f2ria a La Porteria de Betev\u00e9. El seu pas per la Selecci\u00f3 Espanyola, el M\u00f2naco, el Granada i les seves perspectives de futur.","og_url":"https:\/\/robert-moreno.es\/ca\/la-porteria-robert-moreno-repassa-la-seva-trajectoria\/","og_site_name":"Robert Moreno - Entrenador de f\u00fatbol","article_published_time":"2026-03-03T09:41:46+00:00","article_modified_time":"2026-09-03T06:53:17+00:00","og_image":[{"width":1920,"height":968,"url":"https:\/\/robert-moreno.es\/wp-content\/uploads\/2026\/03\/Captura-de-pantalla-2026-03-03-a-las-10.43.48-scaled.webp","type":"image\/webp"}],"author":"Robert Moreno","twitter_card":"summary_large_image","twitter_misc":{"Escrit per":"Robert Moreno","Temps estimat de lectura":"2 minuts"},"schema":{"@context":"https:\/\/schema.org","@graph":[{"@type":"Article","@id":"https:\/\/robert-moreno.es\/ca\/la-porteria-robert-moreno-repassa-la-seva-trajectoria\/#article","isPartOf":{"@id":"https:\/\/robert-moreno.es\/ca\/la-porteria-robert-moreno-repassa-la-seva-trajectoria\/"},"author":{"name":"Robert Moreno","@id":"https:\/\/robert-moreno.es\/ca\/#\/schema\/person\/100bfa4e74aa38c9da58d9b64f1bb691"},"headline":"La Porteria: Robert Moreno repassa la seva traject\u00f2ria","datePublished":"2026-03-03T09:41:46+00:00","dateModified":"2026-09-03T06:53:17+00:00","mainEntityOfPage":{"@id":"https:\/\/robert-moreno.es\/ca\/la-porteria-robert-moreno-repassa-la-seva-trajectoria\/"},"wordCount":404,"publisher":{"@id":"https:\/\/robert-moreno.es\/ca\/#organization"},"image":{"@id":"https:\/\/robert-moreno.es\/ca\/la-porteria-robert-moreno-repassa-la-seva-trajectoria\/#primaryimage"},"thumbnailUrl":"https:\/\/robert-moreno.es\/wp-content\/uploads\/2026\/03\/Captura-de-pantalla-2026-03-03-a-las-10.43.48-scaled.webp","articleSection":["Entrevistes","Premsa"],"inLanguage":"ca","copyrightYear":"2026","copyrightHolder":{"@id":"https:\/\/robert-moreno.es\/#organization"}},{"@type":"WebPage","@id":"https:\/\/robert-moreno.es\/ca\/la-porteria-robert-moreno-repassa-la-seva-trajectoria\/","url":"https:\/\/robert-moreno.es\/ca\/la-porteria-robert-moreno-repassa-la-seva-trajectoria\/","name":"Robert Moreno a La Porteria (Betev\u00e9) - Selecci\u00f3 Espanyola i futur","isPartOf":{"@id":"https:\/\/robert-moreno.es\/ca\/#website"},"primaryImageOfPage":{"@id":"https:\/\/robert-moreno.es\/ca\/la-porteria-robert-moreno-repassa-la-seva-trajectoria\/#primaryimage"},"image":{"@id":"https:\/\/robert-moreno.es\/ca\/la-porteria-robert-moreno-repassa-la-seva-trajectoria\/#primaryimage"},"thumbnailUrl":"https:\/\/robert-moreno.es\/wp-content\/uploads\/2026\/03\/Captura-de-pantalla-2026-03-03-a-las-10.43.48-scaled.webp","datePublished":"2026-03-03T09:41:46+00:00","dateModified":"2026-09-03T06:53:17+00:00","description":"Robert Moreno repassa la seva traject\u00f2ria a La Porteria de Betev\u00e9. El seu pas per la Selecci\u00f3 Espanyola, el M\u00f2naco, el Granada i les seves perspectives de futur.","breadcrumb":{"@id":"https:\/\/robert-moreno.es\/ca\/la-porteria-robert-moreno-repassa-la-seva-trajectoria\/#breadcrumb"},"inLanguage":"ca","potentialAction":[{"@type":"ReadAction","target":["https:\/\/robert-moreno.es\/ca\/la-porteria-robert-moreno-repassa-la-seva-trajectoria\/"]}]},{"@type":"ImageObject","inLanguage":"ca","@id":"https:\/\/robert-moreno.es\/ca\/la-porteria-robert-moreno-repassa-la-seva-trajectoria\/#primaryimage","url":"https:\/\/robert-moreno.es\/wp-content\/uploads\/2026\/03\/Captura-de-pantalla-2026-03-03-a-las-10.43.48-scaled.webp","contentUrl":"https:\/\/robert-moreno.es\/wp-content\/uploads\/2026\/03\/Captura-de-pantalla-2026-03-03-a-las-10.43.48-scaled.webp","width":1920,"height":968},{"@type":"BreadcrumbList","@id":"https:\/\/robert-moreno.es\/ca\/la-porteria-robert-moreno-repassa-la-seva-trajectoria\/#breadcrumb","itemListElement":[{"@type":"ListItem","position":1,"name":"Portada","item":"https:\/\/robert-moreno.es\/ca\/"},{"@type":"ListItem","position":2,"name":"La Porteria: Robert Moreno repassa la seva traject\u00f2ria"}]},{"@type":"WebSite","@id":"https:\/\/robert-moreno.es\/ca\/#website","url":"https:\/\/robert-moreno.es\/ca\/","name":"Robert Moreno - Entrenador de f\u00fatbol","description":"Entrenador de f\u00fatbol","publisher":{"@id":"https:\/\/robert-moreno.es\/ca\/#organization"},"potentialAction":[{"@type":"SearchAction","target":{"@type":"EntryPoint","urlTemplate":"https:\/\/robert-moreno.es\/ca\/?s={search_term_string}"},"query-input":{"@type":"PropertyValueSpecification","valueRequired":true,"valueName":"search_term_string"}}],"inLanguage":"ca"},{"@type":"Person","@id":"https:\/\/robert-moreno.es\/ca\/#\/schema\/person\/100bfa4e74aa38c9da58d9b64f1bb691","name":"Robert Moreno","image":{"@type":"ImageObject","inLanguage":"ca","@id":"https:\/\/robert-moreno.es\/wp-content\/litespeed\/avatar\/49c4d4a0c545e139d536817316491363.jpg?ver=1788196358","url":"https:\/\/robert-moreno.es\/wp-content\/litespeed\/avatar\/49c4d4a0c545e139d536817316491363.jpg?ver=1788196358","contentUrl":"https:\/\/robert-moreno.es\/wp-content\/litespeed\/avatar\/49c4d4a0c545e139d536817316491363.jpg?ver=1788196358","caption":"Robert Moreno"},"description":"Robert Moreno Gonz\u00e1lez (Barcelona, 1977) es entrenador de f\u00fatbol con licencia UEFA Pro. Ex Seleccionador Nacional de Espa\u00f1a (2019, clasificaci\u00f3n invicta a la Eurocopa 2020) y miembro del cuerpo t\u00e9cnico del FC Barcelona con Luis Enrique (2014-2017): Triplete 2014-15 (Champions League, LaLiga, Copa del Rey) y 9 t\u00edtulos en tres temporadas. T\u00e9cnico principal en AS M\u00f3naco, Granada CF y PFC Sochi (ascenso a la Premier League rusa, 2025). Habla cinco idiomas y ha entrenado en cinco pa\u00edses. Pionero del an\u00e1lisis de v\u00eddeo y scouting digital en Espa\u00f1a. Autor de \u00abMi receta del 4-4-2\u00bb.","sameAs":["https:\/\/robert-moreno.com","https:\/\/www.instagram.com\/robertmoreno\/","https:\/\/www.linkedin.com\/in\/robertmorenocoach\/"],"url":"https:\/\/robert-moreno.es\/ca\/author\/robert-moreno\/"},{"@type":"ImageObject","inLanguage":"ca","@id":"https:\/\/robert-moreno.es\/ca\/la-porteria-robert-moreno-repassa-la-seva-trajectoria\/#local-main-organization-logo","url":"https:\/\/robert-moreno.es\/wp-content\/uploads\/2026\/02\/LogoRobertMoreno-e1772804580395.jpg","contentUrl":"https:\/\/robert-moreno.es\/wp-content\/uploads\/2026\/02\/LogoRobertMoreno-e1772804580395.jpg","width":800,"height":313,"caption":"Robert Moreno - Entrenador de f\u00fatbol"}]}},"_links":{"self":[{"href":"https:\/\/robert-moreno.es\/ca\/wp-json\/wp\/v2\/posts\/10427","targetHints":{"allow":["GET"]}}],"collection":[{"href":"https:\/\/robert-moreno.es\/ca\/wp-json\/wp\/v2\/posts"}],"about":[{"href":"https:\/\/robert-moreno.es\/ca\/wp-json\/wp\/v2\/types\/post"}],"author":[{"embeddable":true,"href":"https:\/\/robert-moreno.es\/ca\/wp-json\/wp\/v2\/users\/1"}],"replies":[{"embeddable":true,"href":"https:\/\/robert-moreno.es\/ca\/wp-json\/wp\/v2\/comments?post=10427"}],"version-history":[{"count":3,"href":"https:\/\/robert-moreno.es\/ca\/wp-json\/wp\/v2\/posts\/10427\/revisions"}],"predecessor-version":[{"id":11478,"href":"https:\/\/robert-moreno.es\/ca\/wp-json\/wp\/v2\/posts\/10427\/revisions\/11478"}],"wp:featuredmedia":[{"embeddable":true,"href":"https:\/\/robert-moreno.es\/ca\/wp-json\/wp\/v2\/media\/10428"}],"wp:attachment":[{"href":"https:\/\/robert-moreno.es\/ca\/wp-json\/wp\/v2\/media?parent=10427"}],"wp:term":[{"taxonomy":"category","embeddable":true,"href":"https:\/\/robert-moreno.es\/ca\/wp-json\/wp\/v2\/categories?post=10427"},{"taxonomy":"post_tag","embeddable":true,"href":"https:\/\/robert-moreno.es\/ca\/wp-json\/wp\/v2\/tags?post=10427"}],"curies":[{"name":"wp","href":"https:\/\/api.w.org\/{rel}","templated":true}]}}