{"id":10274,"date":"2026-02-26T20:59:25","date_gmt":"2026-02-26T19:59:25","guid":{"rendered":"https:\/\/robert-moreno.es\/mentalitat-esportiva-alt-rendiment-i-lideratge\/"},"modified":"2026-03-08T18:58:52","modified_gmt":"2026-03-08T17:58:52","slug":"mentalitat-esportiva-alt-rendiment-i-lideratge","status":"publish","type":"post","link":"https:\/\/robert-moreno.es\/ca\/mentalitat-esportiva-alt-rendiment-i-lideratge\/","title":{"rendered":"Mentalitat Esportiva: alt rendiment i lideratge"},"content":{"rendered":"\n<style>\n    .rm-podcast {\n        max-width: 860px;\n        margin: 0 auto;\n        padding: 60px 24px 80px;\n        font-family: 'Montserrat', sans-serif;\n        color: #e0e0e0;\n        line-height: 1.85;\n        font-size: 17px\n    }\n\n    .rm-podcast__header {\n        text-align: center;\n        margin-bottom: 48px\n    }\n\n    .rm-podcast__badge {\n        display: inline-flex;\n        align-items: center;\n        gap: 8px;\n        font-size: 11px;\n        font-weight: 700;\n        letter-spacing: 3px;\n        text-transform: uppercase;\n        color: #1DB954;\n        margin-bottom: 20px;\n        padding: 6px 16px;\n        background: rgba(29, 185, 84, 0.08);\n        border-radius: 20px;\n        border: 1px solid rgba(29, 185, 84, 0.2)\n    }\n\n    .rm-podcast__title {\n        font-size: clamp(26px, 5vw, 38px);\n        font-weight: 800;\n        color: #fff;\n        line-height: 1.2;\n        margin: 0 0 16px;\n        letter-spacing: -0.5px\n    }\n\n    .rm-podcast__subtitle {\n        font-size: 18px;\n        color: #999;\n        margin: 0 0 24px;\n        font-weight: 400\n    }\n\n    .rm-podcast__meta {\n        font-size: 13px;\n        color: #666;\n        display: flex;\n        justify-content: center;\n        align-items: center;\n        gap: 16px;\n        flex-wrap: wrap\n    }\n\n    .rm-podcast__meta span {\n        display: flex;\n        align-items: center;\n        gap: 5px\n    }\n\n    .rm-podcast__meta .rm-dot {\n        width: 4px;\n        height: 4px;\n        border-radius: 50%;\n        background: #444\n    }\n\n    .rm-podcast__player {\n        margin: 40px 0;\n        border-radius: 16px;\n        overflow: hidden;\n        box-shadow: 0 12px 40px rgba(0, 0, 0, 0.4);\n        border: 1px solid rgba(255, 255, 255, 0.06)\n    }\n\n    .rm-podcast__player iframe {\n        width: 100%;\n        border: none\n    }\n\n    .rm-podcast__intro {\n        padding: 28px 32px;\n        background: linear-gradient(135deg, rgba(29, 185, 84, 0.06) 0%, rgba(29, 185, 84, 0.02) 100%);\n        border-left: 4px solid #1DB954;\n        border-radius: 0 12px 12px 0;\n        margin-bottom: 40px;\n        font-size: 16px;\n        color: #ccc;\n        line-height: 1.7\n    }\n\n    .rm-podcast__intro strong {\n        color: #fff\n    }\n\n    .rm-podcast h3.rm-section {\n        font-size: 20px;\n        font-weight: 700;\n        color: #fff;\n        margin: 48px 0 24px;\n        padding-left: 16px;\n        border-left: 3px solid #c9a962\n    }\n\n    .rm-podcast .rm-highlight {\n        margin: 32px 0;\n        padding: 28px 32px;\n        background: linear-gradient(135deg, rgba(201, 169, 98, 0.08) 0%, rgba(201, 169, 98, 0.02) 100%);\n        border-left: 4px solid #c9a962;\n        border-radius: 0 12px 12px 0;\n        font-size: 19px;\n        font-style: italic;\n        font-weight: 500;\n        color: #fff;\n        line-height: 1.6\n    }\n\n    .rm-podcast .rm-highlight span {\n        display: block;\n        margin-top: 12px;\n        font-size: 13px;\n        font-style: normal;\n        font-weight: 600;\n        color: #c9a962;\n        letter-spacing: 1px;\n        text-transform: uppercase\n    }\n\n    .rm-podcast .rm-dialog {\n        margin-bottom: 20px\n    }\n\n    .rm-podcast .rm-dialog .rm-speaker {\n        font-weight: 700;\n        color: #c9a962;\n        font-size: 14px;\n        letter-spacing: 0.5px;\n        text-transform: uppercase;\n        margin-bottom: 4px\n    }\n\n    .rm-podcast .rm-dialog .rm-speaker.rm-host {\n        color: #1DB954\n    }\n\n    .rm-podcast .rm-dialog p {\n        color: rgba(255, 255, 255, 0.7);\n        margin: 0 0 8px;\n        padding-left: 16px;\n        border-left: 2px solid rgba(255, 255, 255, 0.08)\n    }\n\n    .rm-podcast hr {\n        border: none;\n        height: 1px;\n        background: linear-gradient(to right, transparent, rgba(201, 169, 98, 0.3), transparent);\n        margin: 40px 0\n    }\n\n    @media(max-width:600px) {\n        .rm-podcast {\n            padding: 40px 16px 60px;\n            font-size: 16px\n        }\n\n        .rm-podcast__title {\n            font-size: 24px\n        }\n\n        .rm-podcast .rm-highlight {\n            padding: 20px;\n            font-size: 17px\n        }\n    }\n<\/style>\n\n<div class=\"rm-podcast\">\n\n    <header class=\"rm-podcast__header\">\n        <span class=\"rm-podcast__badge\">\ud83c\udfa7 Podcast \u00b7 Entrevista<\/span>\n        <h1 class=\"rm-podcast__title\">Mentalitat Esportiva: Alt Rendiment i Lideratge<\/h1>\n        <p class=\"rm-podcast__subtitle\">Conversa amb David Soler sobre la complexitat de ser entrenador<\/p>\n        <div class=\"rm-podcast__meta\">\n            <span>\ud83c\udfa7 <strong>Mentalidad Deportiva<\/strong><\/span>\n            <span class=\"rm-dot\"><\/span>\n            <span>Spotify<\/span>\n            <span class=\"rm-dot\"><\/span>\n            <span>Gener 2025<\/span>\n            <span class=\"rm-dot\"><\/span>\n            <span>\u2248 52 min<\/span>\n        <\/div>\n    <\/header>\n\n    <div class=\"rm-podcast__player\">\n        <iframe style=\"border-radius:12px\" src=\"https:\/\/open.spotify.com\/embed\/episode\/30ZI97IYIWHmN07eXXrM0J?utm_source=generator\" width=\"100%\" height=\"352\" frameborder=\"0\" allowfullscreen=\"\" allow=\"autoplay; clipboard-write; encrypted-media; fullscreen; picture-in-picture\" loading=\"lazy\"><\/iframe>\n    <\/div>\n\n    <div class=\"rm-podcast__intro\">\n        <strong>Sobre aquest episodi:<\/strong> Robert Moreno conversa amb David Soler al podcast Mentalidad Deportiva\n        sobre lideratge, gesti\u00f3 emocional, relacions amb jugadors d&#8217;elit i la complexitat real de ser\n        entrenador professional. Una reflexi\u00f3 profunda que va molt m\u00e9s enll\u00e0 de la t\u00e0ctica.\n    <\/div>\n\n    <!-- \u2550\u2550\u2550 TRANSCRIPCI\u00d3 \u2550\u2550\u2550 -->\n\n    <h3 class=\"rm-section\">M\u00e9s enll\u00e0 de la t\u00e0ctica<\/h3>\n\n    <div class=\"rm-dialog\">\n        <div class=\"rm-speaker rm-host\">David Soler<\/div>\n        <p>M\u00e9s enll\u00e0 dels c\u00e0rrecs, del que la gent coneix per la premsa, pels equips\u2026\n            com t&#8217;agradaria presentar-te?<\/p>\n    <\/div>\n\n    <div class=\"rm-dialog\">\n        <div class=\"rm-speaker\">Robert Moreno<\/div>\n        <p>Segurament no saben qui s\u00f3c, perqu\u00e8 con\u00e8ixer la persona requereix proximitat i el\n            dia a dia. Moltes vegades et veus condicionat pel relat que es vol establir d&#8217;alg\u00fa que\n            est\u00e0 a l&#8217;elit.<\/p>\n        <p>Avui em definiria com alg\u00fa que ha ent\u00e8s que la seva feina va m\u00e9s enll\u00e0 de preparar\n            entrenaments, escollir un sistema, la t\u00e0ctica, analitzar un rival. Al principi pensava que era aix\u00f2.\n            Per\u00f2 despr\u00e9s em vaig adonar que era una altra cosa.<\/p>\n    <\/div>\n\n    <div class=\"rm-highlight\">\n        \u00abEt converteixes en un equilibrador: alg\u00fa que ha d&#8217;alegrar la tristesa de l&#8217;equip i contenir l&#8217;alegria\n        desmesurada.\u00bb\n        <span>\u2014 Robert Moreno<\/span>\n    <\/div>\n\n    <div class=\"rm-dialog\">\n        <div class=\"rm-speaker\">Robert Moreno<\/div>\n        <p>Vaig tenir un noi a cadets que em va dir: \u00abQuan et veig nervi\u00f3s a la banda, em poso nervi\u00f3s\n            dins del joc.\u00bb Aqu\u00ed \u00e9s quan comences a adonar-te de l&#8217;impacte que t\u00e9 el teu comportament per als\n            jugadors.<\/p>\n    <\/div>\n\n    <div class=\"rm-dialog\">\n        <div class=\"rm-speaker\">Robert Moreno<\/div>\n        <p>Abans el 100% del meu temps era la t\u00e0ctica, la metodologia, preparar partits, analitzar rivals.\n            Per a mi all\u00f2 era el cent per cent. Per\u00f2 ara m&#8217;he adonat que era un 20% del que \u00e9s ser\n            primer entrenador. I l&#8217;altre 80% \u00e9s b\u00e0sicament relacionar-te amb persones.<\/p>\n    <\/div>\n\n    <div class=\"rm-highlight\">\n        \u00abLa t\u00e0ctica \u00e9s el 20%. L&#8217;altre 80% de ser primer entrenador \u00e9s b\u00e0sicament relacionar-te amb\n        persones.\u00bb\n        <span>\u2014 Robert Moreno<\/span>\n    <\/div>\n\n    <hr\/>\n\n    <h3 class=\"rm-section\">Poder, influ\u00e8ncia i l&#8217;estructura del club<\/h3>\n\n    <div class=\"rm-dialog\">\n        <div class=\"rm-speaker\">Robert Moreno<\/div>\n        <p>\u00c9s important saber qui mana, i afegiria: qui influeix en el que mana. A\n            R\u00fassia, tothom sabia qui manava. La q\u00fcesti\u00f3 era que hi havia molta gent al seu\n            voltant que intentava influir-lo.<\/p>\n        <p>M&#8217;interessa m\u00e9s, quan vaig a un pa\u00eds, con\u00e8ixer quina cultura t\u00e9 i quins s\u00f3n els\n            nivells de comunicaci\u00f3. No \u00e9s el mateix parlar amb alg\u00fa rus que amb alg\u00fa de Fran\u00e7a, del m\u00f3n\n            \u00e0rab o americans. Aquesta part, que \u00e9s invisible per al gran p\u00fablic, \u00e9s molt important per a un\n            entrenador.<\/p>\n    <\/div>\n\n    <div class=\"rm-highlight\">\n        \u00abNo estem preparats per lidiar amb la incertesa. Evolutivament busquem la seguretat, la\n        superviv\u00e8ncia. I en un club has de gestionar tot aix\u00f2 sense tenir sempre una resposta \u00f2ptima.\u00bb\n        <span>\u2014 Robert Moreno<\/span>\n    <\/div>\n\n    <hr\/>\n\n    <h3 class=\"rm-section\">Sostenir el criteri a l&#8217;elit<\/h3>\n\n    <div class=\"rm-dialog\">\n        <div class=\"rm-speaker rm-host\">David Soler<\/div>\n        <p>Qu\u00e8 \u00e9s el m\u00e9s dif\u00edcil de sostenir quan ja ets a l&#8217;elit?<\/p>\n    <\/div>\n\n    <div class=\"rm-dialog\">\n        <div class=\"rm-speaker\">Robert Moreno<\/div>\n        <p>El m\u00e9s dif\u00edcil de mantenir \u00e9s el teu criteri. Quan tot el soroll t&#8217;empeny a canviar, quan les\n            cr\u00edtiques s\u00f3n f\u00e0cils i superficials. No perqu\u00e8 la persona que les emet sigui superficial, sin\u00f3\n            perqu\u00e8 la informaci\u00f3 que t\u00e9 en estar fora nom\u00e9s pot ser-ho.<\/p>\n    <\/div>\n\n    <div class=\"rm-highlight\">\n        \u00abSi has de perdre, perd amb les teves decisions. Si perds fent el que altres t&#8217;imposen, tens una\n        doble derrota: la del resultat i la de no haver estat tu. I aix\u00f2 no t&#8217;ho pots permetre.\u00bb\n        <span>\u2014 Robert Moreno<\/span>\n    <\/div>\n\n    <div class=\"rm-dialog\">\n        <div class=\"rm-speaker\">Robert Moreno<\/div>\n        <p>Necessites suport. Tinc un coach personal, alg\u00fa que va comen\u00e7ar sent un amic, un company de\n            curs d&#8217;entrenadors. \u00c9s un professional que coneix l&#8217;esport, que coneix el patiment d&#8217;un entrenador\n            perqu\u00e8 ho ha estat.<\/p>\n        <p>La solitud de l&#8217;entrenador existeix. Les decisions finals les prens tu, per\u00f2 tenir alg\u00fa\n            fora del soroll que t&#8217;ajudi a tenir claredat, per a mi \u00e9s fonamental.<\/p>\n    <\/div>\n\n    <hr\/>\n\n    <h3 class=\"rm-section\">Fer cr\u00e9ixer professionals d&#8217;elit<\/h3>\n\n    <div class=\"rm-dialog\">\n        <div class=\"rm-speaker rm-host\">David Soler<\/div>\n        <p>Com fas que un professional que ja \u00e9s molt bo segueixi millorant?<\/p>\n    <\/div>\n\n    <div class=\"rm-dialog\">\n        <div class=\"rm-speaker\">Robert Moreno<\/div>\n        <p>Establir un entorn de comunicaci\u00f3 fluida en qu\u00e8 no se sentin limitats per tu, que tinguin\n            autonomia, que puguin permetre&#8217;s errors sense que aquests errors suposin la seva mort esportiva, que\n            puguin expressar-se de manera oberta. Per aix\u00f2 sempre tinc la porta del meu despatx oberta.<\/p>\n    <\/div>\n\n    <div class=\"rm-highlight\">\n        \u00abEl no creixement \u00e9s decreixement, no \u00e9s estabilitat. Vius envoltat de persones que no deixaran de\n        millorar. Si tu no millores amb ells, empitjores.\u00bb\n        <span>\u2014 Robert Moreno<\/span>\n    <\/div>\n\n    <div class=\"rm-dialog\">\n        <div class=\"rm-speaker\">Robert Moreno<\/div>\n        <p>Quan un jugador no rendeix com esperes, el primer que em faig \u00e9s preguntar-me des de tots els angles\n            qu\u00e8 li passa. No el poso a la posici\u00f3 adequada? T\u00e9 algun problema\n            personal? Estic comunicant b\u00e9 el que necessito d&#8217;ell? Les causes mai s\u00f3n una sola cosa.\n        <\/p>\n        <p>He tingut jugadors passant per processos personals dur\u00edssims. Quan tu ho entens, la teva\n            feina canvia: ja no \u00e9s corregir, \u00e9s acompanyar. \u00c9s dir-los: per qu\u00e8 no parles amb un\n            psic\u00f2leg? Com et podem ajudar des del club?<\/p>\n    <\/div>\n\n    <hr\/>\n\n    <h3 class=\"rm-section\">Converses dif\u00edcils<\/h3>\n\n    <div class=\"rm-dialog\">\n        <div class=\"rm-speaker\">Robert Moreno<\/div>\n        <p>\u00c9s com tenir 25 fills. Ser guia, ser exemple, dir-los el que fan b\u00e9 per\u00f2 sobretot el que fan\n            malament. Aix\u00f2 tamb\u00e9 \u00e9s cuidar-los. Cada cop que em toca tenir una conversa dif\u00edcil,\n            em costa dormir. Busques les paraules, hi dones voltes.<\/p>\n    <\/div>\n\n    <div class=\"rm-highlight\">\n        \u00abQuan tens una conversa dif\u00edcil que li suposa al jugador la soluci\u00f3 d&#8217;un\n        problema, a la llarga t&#8217;estima m\u00e9s i t&#8217;ho agraeix. El que no agraeixen \u00e9s que et callis les\n        coses.\u00bb\n        <span>\u2014 Robert Moreno<\/span>\n    <\/div>\n\n    <div class=\"rm-dialog\">\n        <div class=\"rm-speaker\">Robert Moreno<\/div>\n        <p>Un jugador d&#8217;alt nivell t\u00e9 molta gent dient-li el que fa b\u00e9. Fins i tot les coses que no fa\n            b\u00e9 tamb\u00e9 li diuen. A l&#8217;entrenador li toca la part dif\u00edcil: dir les coses que fan\n            malament. Per\u00f2 no per fer-los mal, sin\u00f3 per ajudar-los.<\/p>\n    <\/div>\n\n    <div class=\"rm-highlight\">\n        \u00abEl que em mou a ser entrenador \u00e9s sentir que ajudes altres persones a aconseguir els seus objectius. I en\n        fer-ho, fas feli\u00e7 milers de persones que s\u00f3n els aficionats.\u00bb\n        <span>\u2014 Robert Moreno<\/span>\n    <\/div>\n\n    <hr\/>\n\n    <h3 class=\"rm-section\">Les decisions m\u00e9s dif\u00edcils<\/h3>\n\n    <div class=\"rm-dialog\">\n        <div class=\"rm-speaker rm-host\">David Soler<\/div>\n        <p>Quina ha estat una de les decisions professionals m\u00e9s inc\u00f2modes que t&#8217;hagi\n            tocat prendre?<\/p>\n    <\/div>\n\n    <div class=\"rm-dialog\">\n        <div class=\"rm-speaker\">Robert Moreno<\/div>\n        <p>Aprendre a gestionar qui juga i qui no. A mi em va tocar patir de petit el no\n            jugar, fins i tot una temporada sencera jugant 5 minuts literals. Aix\u00f2 et marca.<\/p>\n        <p>Hi va haver una persona, Santi Pou, que em va ajudar a sistematitzar aquest proc\u00e9s. Vam construir un arbre de\n            decisi\u00f3: com havia entrenat el jugador, el rival, el moment de l&#8217;equip. Tot aix\u00f2 em\n            va ajudar a entendre que aquella decisi\u00f3 no era personal, sin\u00f3 professional.<\/p>\n    <\/div>\n\n    <div class=\"rm-highlight\">\n        \u00abQuan prenc les decisions amb criteri i les comunico amb respecte, el jugador, encara que no estigui d&#8217;acord,\n        les respecta. El que pot destruir la relaci\u00f3 \u00e9s no explicar-li per qu\u00e8 el deixes\n        fora.\u00bb\n        <span>\u2014 Robert Moreno<\/span>\n    <\/div>\n\n    <hr\/>\n\n    <h3 class=\"rm-section\">El preu personal de l&#8217;alt rendiment<\/h3>\n\n    <div class=\"rm-dialog\">\n        <div class=\"rm-speaker rm-host\">David Soler<\/div>\n        <p>Quin \u00e9s el preu personal que creus que ja no val la pena pagar en alt rendiment?<\/p>\n    <\/div>\n\n    <div class=\"rm-dialog\">\n        <div class=\"rm-speaker\">Robert Moreno<\/div>\n        <p>A la meva \u00faltima etapa vaig estar un any i vuit mesos lluny de la meva fam\u00edlia i vaig aprendre alguna cosa de\n            mi que pensava que era diferent: que era fort i que podia suportar la separaci\u00f3. I\n            em vaig adonar que no.<\/p>\n        <p>Quan est\u00e0s sol, l&#8217;equip es converteix en la teva \u00fanica obsessi\u00f3 i penses en l&#8217;equip\n            les 24 hores. I aix\u00f2 no \u00e9s bo perqu\u00e8 et treu claredat.<\/p>\n    <\/div>\n\n    <div class=\"rm-highlight\">\n        \u00abSi estimar la meva fam\u00edlia significa no entrenar als millors equips, renuncio a entrenar als millors\n        equips. Vull gaudir de la meva professi\u00f3, s\u00ed, per\u00f2 tamb\u00e9 vull gaudir de com\n        creixen els meus fills.\u00bb\n        <span>\u2014 Robert Moreno<\/span>\n    <\/div>\n\n    <div class=\"rm-dialog\">\n        <div class=\"rm-speaker\">Robert Moreno<\/div>\n        <p>Ara, alhora que rebo una oferta o una aproximaci\u00f3, si no passa el requisit de la fam\u00edlia, per\n            a mi l&#8217;oferta ja no \u00e9s oferta. Si no compleix aquest requisit previ, no analitzo la resta: no analitzo\n            com \u00e9s el club, la plantilla, la situaci\u00f3 de l&#8217;equip.<\/p>\n    <\/div>\n\n    <div class=\"rm-highlight\">\n        \u00abNo pots liderar si no et lideres a tu mateix. Si tu no est\u00e0s b\u00e9, \u00e9s impossible que l&#8217;equip\n        estigui b\u00e9. La cura personal \u00e9s el n\u00famero u que ha de cuidar l&#8217;entrenador.\u00bb\n        <span>\u2014 Robert Moreno<\/span>\n    <\/div>\n\n    <hr\/>\n\n    <h3 class=\"rm-section\">Saber quan parar<\/h3>\n\n    <div class=\"rm-dialog\">\n        <div class=\"rm-speaker\">Robert Moreno<\/div>\n        <p>Va arribar un moment en qu\u00e8 el club va prendre decisions que van canviar-ho tot. Quan canvien les\n            circumst\u00e0ncies del que dona sentit al projecte, no t\u00e9 sentit continuar. Vaig parlar amb el\n            propietari, li vaig dir que el millor era que me n&#8217;an\u00e9s i vaig renunciar a un any i mig d&#8217;un gran\n            contracte.<\/p>\n        <p>Sempre procuro que la gent que est\u00e0 al meu voltant estigui el millor possible. Moltes vegades cobren\n            menys que tu, estan lluny de la fam\u00edlia, tenen els mateixos sacrificis.<\/p>\n    <\/div>\n\n    <div class=\"rm-highlight\">\n        \u00abNo va nom\u00e9s de guanyar diners. Es tracta de prop\u00f2sit, de saber que est\u00e0s fent el que t&#8217;agrada\n        i que t\u00e9 sentit per a tu. De vegades la decisi\u00f3 m\u00e9s dif\u00edcil \u00e9s la que et retorna la\n        pau interior.\u00bb\n        <span>\u2014 Robert Moreno<\/span>\n    <\/div>\n\n    <hr\/>\n\n    <h3 class=\"rm-section\">Reflexi\u00f3 final<\/h3>\n\n    <div class=\"rm-dialog\">\n        <div class=\"rm-speaker\">Robert Moreno<\/div>\n        <p>Segurament aquest format d&#8217;entrevista \u00e9s el que et permet expressar el que ets i fugir del relat que tots\n            construeixen de tu, que moltes vegades \u00e9s interessat.<\/p>\n        <p>Sempre tinc al cap aquella frase: \u00abAra que t&#8217;he conegut, he canviat la meva opini\u00f3 sobre\n            tu. No pensava que fossis aix\u00ed.\u00bb Segurament \u00e9s un error meu, que no s\u00f3c capa\u00e7 de\n            transmetre el que s\u00f3c amb un altre format. Per\u00f2 treballem per millorar-ho.<\/p>\n    <\/div>\n\n    <p style=\"margin-top:48px;\"><a href=\"https:\/\/robert-moreno.es\/ca\/premsa\/\" style=\"color:#c9a962;text-decoration:none;\">\u2190 Tornar a Sala de Premsa<\/a><\/p>\n\n<\/div>\n\n","protected":false},"excerpt":{"rendered":"<p>\ud83c\udfa7 Podcast \u00b7 Entrevista Mentalitat Esportiva: Alt Rendiment i Lideratge Conversa amb David Soler sobre la complexitat de ser entrenador \ud83c\udfa7 Mentalidad Deportiva Spotify Gener 2025 \u2248 52 min Sobre aquest episodi: Robert Moreno conversa amb David Soler al podcast Mentalidad Deportiva sobre lideratge, gesti\u00f3 emocional, relacions amb jugadors d&#8217;elit i la complexitat real de [&hellip;]<\/p>\n","protected":false},"author":1,"featured_media":10275,"comment_status":"closed","ping_status":"closed","sticky":false,"template":"","format":"standard","meta":{"_angie_page":false,"page_builder":"","footnotes":""},"categories":[53,69,83,57,61,73],"tags":[],"class_list":["post-10274","post","type-post","status-publish","format-standard","has-post-thumbnail","hentry","category-blog-cat","category-destacats","category-entrevistes","category-lideratge","category-metodologia","category-premsa"],"_links":{"self":[{"href":"https:\/\/robert-moreno.es\/ca\/wp-json\/wp\/v2\/posts\/10274","targetHints":{"allow":["GET"]}}],"collection":[{"href":"https:\/\/robert-moreno.es\/ca\/wp-json\/wp\/v2\/posts"}],"about":[{"href":"https:\/\/robert-moreno.es\/ca\/wp-json\/wp\/v2\/types\/post"}],"author":[{"embeddable":true,"href":"https:\/\/robert-moreno.es\/ca\/wp-json\/wp\/v2\/users\/1"}],"replies":[{"embeddable":true,"href":"https:\/\/robert-moreno.es\/ca\/wp-json\/wp\/v2\/comments?post=10274"}],"version-history":[{"count":2,"href":"https:\/\/robert-moreno.es\/ca\/wp-json\/wp\/v2\/posts\/10274\/revisions"}],"predecessor-version":[{"id":10607,"href":"https:\/\/robert-moreno.es\/ca\/wp-json\/wp\/v2\/posts\/10274\/revisions\/10607"}],"wp:featuredmedia":[{"embeddable":true,"href":"https:\/\/robert-moreno.es\/ca\/wp-json\/wp\/v2\/media\/10275"}],"wp:attachment":[{"href":"https:\/\/robert-moreno.es\/ca\/wp-json\/wp\/v2\/media?parent=10274"}],"wp:term":[{"taxonomy":"category","embeddable":true,"href":"https:\/\/robert-moreno.es\/ca\/wp-json\/wp\/v2\/categories?post=10274"},{"taxonomy":"post_tag","embeddable":true,"href":"https:\/\/robert-moreno.es\/ca\/wp-json\/wp\/v2\/tags?post=10274"}],"curies":[{"name":"wp","href":"https:\/\/api.w.org\/{rel}","templated":true}]}}